{"id":41795,"date":"2018-06-25T13:54:34","date_gmt":"2018-06-25T16:54:34","guid":{"rendered":"http:\/\/catolicanet.net\/wp-cnet\/?p=41795"},"modified":"2018-06-25T14:05:28","modified_gmt":"2018-06-25T17:05:28","slug":"animadores-das-cebs-participam-de-encontro-interdiocesano","status":"publish","type":"post","link":"https:\/\/catolicanet.net\/wp-cnet\/animadores-das-cebs-participam-de-encontro-interdiocesano\/","title":{"rendered":"Animadores das CEBs participam de encontro interdiocesano"},"content":{"rendered":"<p>Animadores e animadoras das Comunidades Eclesiais de Base (CEBs) das dioceses de Rondon\u00f3polis-Guiratinga (MT), Barra do Gar\u00e7as (MT) e Primavera do Leste-Paranatinga (MT) estiveram reunidos nos dias 16 e 17 de junho, na par\u00f3quia Nossa Senhora da Salete, em Primavera do Leste, para o encontro interdiocesano das CEBs do regional Oeste 2 da Confer\u00eancia Nacional dos Bispos do Brasil (CNBB).<\/p>\n<p>O tema refletido foi a Eclesialidade das Comunidades Eclesiais de Base. O encontro contou com a assessoria de Roberto Rossi e Maria Rossi, assessores do regional Oeste 2. De acordo com as CEBs, os encontros fazem parte de uma proposta de forma\u00e7\u00e3o continuada, que acontece no regional h\u00e1 mais de tr\u00eas anos. \u00c9 realizado de forma descentralizada, reunindo as dioceses por proximidade geogr\u00e1fica para facilitar a participa\u00e7\u00e3o das lideran\u00e7as e animadoras das comunidades mais distantes, considerando custos e dist\u00e2ncias.<\/p>\n<p><a href=\"https:\/\/www.cnbbo2.org.br\/encontro-interdiocesano-das-cebs-do-regional-oeste-2-mato-grosso\/\">Leia a not\u00edcia completa.\u00a0<\/a><\/p>\n<p>&nbsp;<\/p>\n<p>Fonte: CNBB<\/p>\n","protected":false},"excerpt":{"rendered":"<p>Animadores e animadoras das Comunidades Eclesiais de Base (CEBs) das dioceses de Rondon\u00f3polis-Guiratinga (MT), Barra do Gar\u00e7as (MT) e Primavera do Leste-Paranatinga (MT) estiveram reunidos nos dias 16 e 17 de junho, na par\u00f3quia Nossa Senhora da Salete, em Primavera do Leste, para o encontro interdiocesano das CEBs do regional Oeste 2 da Confer\u00eancia Nacional [&hellip;]<\/p>\n","protected":false},"author":1,"featured_media":41797,"comment_status":"open","ping_status":"closed","sticky":false,"template":"","format":"standard","meta":{"footnotes":""},"categories":[7],"tags":[],"class_list":["post-41795","post","type-post","status-publish","format-standard","has-post-thumbnail","hentry","category-cnbb"],"_links":{"self":[{"href":"https:\/\/catolicanet.net\/wp-cnet\/wp-json\/wp\/v2\/posts\/41795","targetHints":{"allow":["GET"]}}],"collection":[{"href":"https:\/\/catolicanet.net\/wp-cnet\/wp-json\/wp\/v2\/posts"}],"about":[{"href":"https:\/\/catolicanet.net\/wp-cnet\/wp-json\/wp\/v2\/types\/post"}],"author":[{"embeddable":true,"href":"https:\/\/catolicanet.net\/wp-cnet\/wp-json\/wp\/v2\/users\/1"}],"replies":[{"embeddable":true,"href":"https:\/\/catolicanet.net\/wp-cnet\/wp-json\/wp\/v2\/comments?post=41795"}],"version-history":[{"count":1,"href":"https:\/\/catolicanet.net\/wp-cnet\/wp-json\/wp\/v2\/posts\/41795\/revisions"}],"predecessor-version":[{"id":41796,"href":"https:\/\/catolicanet.net\/wp-cnet\/wp-json\/wp\/v2\/posts\/41795\/revisions\/41796"}],"wp:featuredmedia":[{"embeddable":true,"href":"https:\/\/catolicanet.net\/wp-cnet\/wp-json\/wp\/v2\/media\/41797"}],"wp:attachment":[{"href":"https:\/\/catolicanet.net\/wp-cnet\/wp-json\/wp\/v2\/media?parent=41795"}],"wp:term":[{"taxonomy":"category","embeddable":true,"href":"https:\/\/catolicanet.net\/wp-cnet\/wp-json\/wp\/v2\/categories?post=41795"},{"taxonomy":"post_tag","embeddable":true,"href":"https:\/\/catolicanet.net\/wp-cnet\/wp-json\/wp\/v2\/tags?post=41795"}],"curies":[{"name":"wp","href":"https:\/\/api.w.org\/{rel}","templated":true}]}}