{"id":4177,"date":"2014-02-07T13:07:24","date_gmt":"2014-02-07T15:07:24","guid":{"rendered":"http:\/\/catolicanet.net\/wp-cnet\/a-igreja-aceita-o-celibato-dentro-do-matrimonio\/"},"modified":"2017-04-04T13:30:20","modified_gmt":"2017-04-04T16:30:20","slug":"a-igreja-aceita-o-celibato-dentro-do-matrimonio","status":"publish","type":"post","link":"https:\/\/catolicanet.net\/wp-cnet\/a-igreja-aceita-o-celibato-dentro-do-matrimonio\/","title":{"rendered":"A Igreja aceita o celibato dentro do matrim\u00f4nio?"},"content":{"rendered":"<p style=\"text-align: center;\"><img decoding=\"async\" src=\"http:\/\/catolicanet.com.br\/images\/stories\/noivos.jpg\" border=\"0\" \/><\/p>\n<p style=\"text-align: justify;\">\u00a0<\/p>\n<p style=\"text-align: justify;\"><strong>Resposta da Aleteia \u00e0 pergunta de uma leitora brasileira<\/strong><\/p>\n<p>&#8220;Eu gostaria de saber se para a Igreja \u00e9 aceit\u00e1vel o celibato no matrim\u00f4nio&#8221;: esta foi a pergunta que nos chegou de uma leitora brasileira.<\/p>\n<p>Este questionamento exige um pouco mais de delimita\u00e7\u00e3o e esclarecimento. Esclarecimento, porque o termo &#8220;celibato&#8221; parece n\u00e3o ser exatamente o mais adequado, porque significa ren\u00fancia ao matrim\u00f4nio (pelo reino dos c\u00e9us). Estamos falando aqui da possibilidade de viver como celibat\u00e1rio sem s\u00ea-lo propriamente, ou seja, em uma completa contin\u00eancia.<\/p>\n<p>Al\u00e9m disso, se trataria de uma contin\u00eancia por motivos religiosos, e com isso se exclui que se deva a outras causas, como, por exemplo, impot\u00eancia sexual ou poss\u00edvel cont\u00e1gio de doen\u00e7as.<\/p>\n<p>A quest\u00e3o, na verdade, \u00e9 muito antiga, e na antiguidade se referia aos sacerdotes. O conceito de celibato sacerdotal \u00e9 relativamente moderno; o que se questionava nos primeiros s\u00e9culos n\u00e3o era se o sacerdote deveria ser celibat\u00e1rio, mas sim, no caso de o sacerdote ser casado, se ele deveria viver o que se denominava contin\u00eancia (ou castidade) perfeita.<\/p>\n<p>Sem entrar em detalhes, houve de tudo: lugares e momentos em que isso foi exigido, simples recomenda\u00e7\u00f5es ou \u00e9pocas em que se ignorava completamente o assunto. Toda esta discuss\u00e3o foi deixada de lado no Ocidente quando o celibato sacerdotal foi imposto. Um dos motivos desta determina\u00e7\u00e3o era claro: havia deveres conjugais e familiares a ser cumpridos.<\/p>\n<p>H\u00e1 um texto de S\u00e3o Paulo que nos d\u00e1 a resposta a esta pergunta: &#8220;N\u00e3o vos recuseis um ao outro, a n\u00e3o ser de comum acordo, por algum tempo, para vos aplicardes \u00e0 ora\u00e7\u00e3o; e depois retornai novamente um para o outro, para que n\u00e3o vos tente Satan\u00e1s por vossa incontin\u00eancia&#8221; (1 Cor\u00edntios 7, 5).<\/p>\n<p>O mais interessante deste texto n\u00e3o s\u00e3o as palavras finais, mas as iniciais. Desde o momento em que contraem matrim\u00f4nio, h\u00e1 um pertencimento m\u00fatuo dos esposos, que transforma essa doa\u00e7\u00e3o em obriga\u00e7\u00e3o de justi\u00e7a: o d\u00e9bito conjugal.<\/p>\n<p>Portanto, n\u00e3o \u00e9 acertada uma decis\u00e3o unilateral de abster-se de rela\u00e7\u00f5es sexuais, pois isso sup\u00f5e &#8220;recusar-se ao outro&#8221;, priv\u00e1-lo do que \u00e9 seu, do que, em justi\u00e7a, lhe corresponde. Qualquer decis\u00e3o, neste sentido, deve ser, como explica S\u00e3o Paulo, de comum acordo.<\/p>\n<p>Este mesmo cap\u00edtulo da Carta aos Cor\u00edntios cont\u00e9m outra frase que \u00e9 chave aqui: &#8220;Irm\u00e3os, cada um permane\u00e7a diante de Deus na condi\u00e7\u00e3o em que estava quando Deus o chamou&#8221;, ou seja, em sua voca\u00e7\u00e3o (vers\u00edculo 24).<\/p>\n<p>Para um crist\u00e3o, o matrim\u00f4nio \u00e9 uma verdadeira voca\u00e7\u00e3o. Como tal, \u00e9 uma miss\u00e3o e um caminho de entrega: ao c\u00f4njuge e aos filhos. Ent\u00e3o, \u00e9 um dever assumi-la, com tudo o que ela comporta.<\/p>\n<p>Por isso, como princ\u00edpio, n\u00e3o \u00e9 aceit\u00e1vel separar-se de tal voca\u00e7\u00e3o. \u00c9 por este motivo tamb\u00e9m que, no rito latino, as pessoas vi\u00favas s\u00e3o aceitas para o sacerd\u00f3cio e a vide religiosa, mas em nenhum caso as pessoas casadas, ainda que se comprometam a deixar de viver como tais.<\/p>\n<p style=\"text-align: justify;\">\u00a0<\/p>\n<p style=\"text-align: justify;\"><strong>Fonte:<\/strong> Aleteia<\/p>\n","protected":false},"excerpt":{"rendered":"<p>\u00a0 Resposta da Aleteia \u00e0 pergunta de uma leitora brasileira &#8220;Eu gostaria de saber se para a Igreja \u00e9 aceit\u00e1vel o celibato no matrim\u00f4nio&#8221;: esta foi a pergunta que nos chegou de uma leitora brasileira. Este questionamento exige um pouco mais de delimita\u00e7\u00e3o e esclarecimento. Esclarecimento, porque o termo &#8220;celibato&#8221; parece n\u00e3o ser exatamente o [&hellip;]<\/p>\n","protected":false},"author":1,"featured_media":0,"comment_status":"closed","ping_status":"closed","sticky":false,"template":"","format":"standard","meta":{"footnotes":""},"categories":[4],"tags":[],"class_list":["post-4177","post","type-post","status-publish","format-standard","hentry","category-cotidiano"],"_links":{"self":[{"href":"https:\/\/catolicanet.net\/wp-cnet\/wp-json\/wp\/v2\/posts\/4177","targetHints":{"allow":["GET"]}}],"collection":[{"href":"https:\/\/catolicanet.net\/wp-cnet\/wp-json\/wp\/v2\/posts"}],"about":[{"href":"https:\/\/catolicanet.net\/wp-cnet\/wp-json\/wp\/v2\/types\/post"}],"author":[{"embeddable":true,"href":"https:\/\/catolicanet.net\/wp-cnet\/wp-json\/wp\/v2\/users\/1"}],"replies":[{"embeddable":true,"href":"https:\/\/catolicanet.net\/wp-cnet\/wp-json\/wp\/v2\/comments?post=4177"}],"version-history":[{"count":1,"href":"https:\/\/catolicanet.net\/wp-cnet\/wp-json\/wp\/v2\/posts\/4177\/revisions"}],"predecessor-version":[{"id":9064,"href":"https:\/\/catolicanet.net\/wp-cnet\/wp-json\/wp\/v2\/posts\/4177\/revisions\/9064"}],"wp:attachment":[{"href":"https:\/\/catolicanet.net\/wp-cnet\/wp-json\/wp\/v2\/media?parent=4177"}],"wp:term":[{"taxonomy":"category","embeddable":true,"href":"https:\/\/catolicanet.net\/wp-cnet\/wp-json\/wp\/v2\/categories?post=4177"},{"taxonomy":"post_tag","embeddable":true,"href":"https:\/\/catolicanet.net\/wp-cnet\/wp-json\/wp\/v2\/tags?post=4177"}],"curies":[{"name":"wp","href":"https:\/\/api.w.org\/{rel}","templated":true}]}}