{"id":41765,"date":"2018-06-22T14:54:55","date_gmt":"2018-06-22T17:54:55","guid":{"rendered":"http:\/\/catolicanet.net\/wp-cnet\/?p=41765"},"modified":"2018-06-22T14:54:55","modified_gmt":"2018-06-22T17:54:55","slug":"joao-e-seu-nome","status":"publish","type":"post","link":"https:\/\/catolicanet.net\/wp-cnet\/joao-e-seu-nome\/","title":{"rendered":"\u201cJo\u00e3o \u00e9 seu nome\u201d"},"content":{"rendered":"<p>Dia 24 de junho festeja-se o nascimento de S\u00e3o Jo\u00e3o Batista, o precursor de Jesus Cristo. Muitas festas populares existem inspiradas nesta data. O evangelista S\u00e3o Lucas 1,57-66 relata diverg\u00eancias na escolha do nome para a crian\u00e7a rec\u00e9m-nascida. Os vizinhos e parentes querem um nome j\u00e1 consagrado na fam\u00edlia, mas seus pais n\u00e3o. Por fim, Zacarias escreveu: \u201cJo\u00e3o \u00e9 o seu nome\u201d. \u00c9 o desafio dos pais quando precisam discernir o nome do filho. O que \u00e9 um nome? Por que ter nome?<br \/>\nO nome proporciona uma identidade para a pessoa. Ela sai do anonimato ou da quantidade tornando-se \u00fanica. Lembremo-nos dos campos de concentra\u00e7\u00e3o nazistas onde os prisioneiros ao ingressarem perdiam a identidade e era-lhes impresso, com ferro incandescente, na pele um n\u00famero. Era a primeira medida de tortura para desonrar o prisioneiro e torn\u00e1-lo an\u00f4nimo.<br \/>\nO nome faz com que a pessoa seja nomin\u00e1vel ou invoc\u00e1vel de modo que se possa estabelecer rela\u00e7\u00f5es. Por meio do nome, o outro entra na estrutura das minhas rela\u00e7\u00f5es humanas, a ponto de eu poder cham\u00e1-lo. O nome significa e cria, portanto, entrosamento e inclus\u00e3o na estrutura das rela\u00e7\u00f5es sociais. Poder ser chamado permite estabelecer a coexist\u00eancia com aquele que o chama pelo nome.<br \/>\nRevelar o pr\u00f3prio nome \u00e9 dar-se a conhecer aos outros. \u00c9 entregar-se a si mesmo tornando-se acess\u00edvel, capaz de ser conhecido mais intimamente e de ser chamado pessoalmente. A ess\u00eancia da pessoa revela-se, pois no encontro com o outro me conhe\u00e7o e me torno conhecido.<br \/>\nO segundo mandamento manda respeitar o nome de Deus. Na hist\u00f3ria da salva\u00e7\u00e3o, para se relacionar com os humanos, Deus se apresentou com um nome para n\u00e3o ficar um mero \u201cSer Supremo\u201d. O dom do nome pertence a ordem da confian\u00e7a e da intimidade, por isso s\u00f3 deve ser usado para bendiz\u00ea-lo, louv\u00e1-lo e glorific\u00e1-lo. Os homens conhecendo o nome Deus fez com que Ele come\u00e7asse a coexistir com a humanidade.<br \/>\nO Catecismo da Igreja Cat\u00f3lica ensina: \u201cO nome de todo homem \u00e9 sagrado. O nome \u00e9 o \u00edcone da pessoa. Exige respeito, em sinal da dignidade de quem o leva\u201d (n.2158). Assim como o nome de Deus deve ser respeitado, da mesma forma o nome de todo ser humano merece rever\u00eancia. De muitas maneiras o nome das pessoas pode ser profanado. Apelidos pejorativos que substituem o nome e a identidade; invocar o nome de algu\u00e9m como garantia de veracidade de uma mentira, falsifica\u00e7\u00e3o de assinaturas.<br \/>\nOs pais t\u00eam uma grande e nobre responsabilidade na escolha do nome dos filhos, pois eles ser\u00e3o chamados por toda vida pelo nome recebido. Por isso recomenda-se aos pais crist\u00e3os que se inspirem em nomes de santos, b\u00edblicos, ou que exprimam virtudes crist\u00e3s. \u00c9 um ato de amor dar um nome com o qual seu portador sinta-se feliz e confort\u00e1vel.<\/p>\n","protected":false},"excerpt":{"rendered":"<p>Dia 24 de junho festeja-se o nascimento de S\u00e3o Jo\u00e3o Batista, o precursor de Jesus Cristo. Muitas festas populares existem inspiradas nesta data. O evangelista S\u00e3o Lucas 1,57-66 relata diverg\u00eancias na escolha do nome para a crian\u00e7a rec\u00e9m-nascida. Os vizinhos e parentes querem um nome j\u00e1 consagrado na fam\u00edlia, mas seus pais n\u00e3o. Por fim, [&hellip;]<\/p>\n","protected":false},"author":18,"featured_media":32780,"comment_status":"open","ping_status":"closed","sticky":false,"template":"","format":"standard","meta":{"footnotes":""},"categories":[9],"tags":[],"class_list":["post-41765","post","type-post","status-publish","format-standard","has-post-thumbnail","hentry","category-artigos"],"_links":{"self":[{"href":"https:\/\/catolicanet.net\/wp-cnet\/wp-json\/wp\/v2\/posts\/41765","targetHints":{"allow":["GET"]}}],"collection":[{"href":"https:\/\/catolicanet.net\/wp-cnet\/wp-json\/wp\/v2\/posts"}],"about":[{"href":"https:\/\/catolicanet.net\/wp-cnet\/wp-json\/wp\/v2\/types\/post"}],"author":[{"embeddable":true,"href":"https:\/\/catolicanet.net\/wp-cnet\/wp-json\/wp\/v2\/users\/18"}],"replies":[{"embeddable":true,"href":"https:\/\/catolicanet.net\/wp-cnet\/wp-json\/wp\/v2\/comments?post=41765"}],"version-history":[{"count":1,"href":"https:\/\/catolicanet.net\/wp-cnet\/wp-json\/wp\/v2\/posts\/41765\/revisions"}],"predecessor-version":[{"id":41768,"href":"https:\/\/catolicanet.net\/wp-cnet\/wp-json\/wp\/v2\/posts\/41765\/revisions\/41768"}],"wp:featuredmedia":[{"embeddable":true,"href":"https:\/\/catolicanet.net\/wp-cnet\/wp-json\/wp\/v2\/media\/32780"}],"wp:attachment":[{"href":"https:\/\/catolicanet.net\/wp-cnet\/wp-json\/wp\/v2\/media?parent=41765"}],"wp:term":[{"taxonomy":"category","embeddable":true,"href":"https:\/\/catolicanet.net\/wp-cnet\/wp-json\/wp\/v2\/categories?post=41765"},{"taxonomy":"post_tag","embeddable":true,"href":"https:\/\/catolicanet.net\/wp-cnet\/wp-json\/wp\/v2\/tags?post=41765"}],"curies":[{"name":"wp","href":"https:\/\/api.w.org\/{rel}","templated":true}]}}