{"id":4176,"date":"2014-02-07T12:57:58","date_gmt":"2014-02-07T14:57:58","guid":{"rendered":"http:\/\/catolicanet.net\/wp-cnet\/qual-e-o-sentido-da-renuncia\/"},"modified":"2017-04-04T13:30:55","modified_gmt":"2017-04-04T16:30:55","slug":"qual-e-o-sentido-da-renuncia","status":"publish","type":"post","link":"https:\/\/catolicanet.net\/wp-cnet\/qual-e-o-sentido-da-renuncia\/","title":{"rendered":"Qual \u00e9 o sentido da ren\u00fancia?"},"content":{"rendered":"<p style=\"text-align: center;\"><img decoding=\"async\" src=\"http:\/\/catolicanet.com.br\/images\/stories\/renuncia1.jpg\" border=\"0\" \/><\/p>\n<p style=\"text-align: justify;\">\u00a0<\/p>\n<p style=\"text-align: justify;\"><strong>\u00c0s vezes achamos que a ren\u00fancia significa apenas dor, aus\u00eancia, perda, uma falta de plenitude que n\u00e3o tem sentido algum<\/strong><\/p>\n<p>Atualmente, muitas m\u00e3es renunciam a estar com seus filhos para morar em outro lugar e ganhar um sal\u00e1rio suficiente para sua educa\u00e7\u00e3o futura. Este \u00e9 um exemplo de como a ren\u00fancia \u00e9 geradora de vida, ainda que traga consigo muita dor para ambas as partes.<\/p>\n<p>\u00c0s vezes achamos que a ren\u00fancia significa apenas dor, aus\u00eancia, perda, uma falta de plenitude que n\u00e3o tem sentido. Mas o plano de Deus encaixa tudo, ainda que na terra nos custe compreender sua vontade.<\/p>\n<p>A ren\u00fancia \u00e9 fonte de vida no cora\u00e7\u00e3o de Deus: a ren\u00fancia de Maria foi para cuidar de Jesus; a ren\u00fancia de Jesus foi para salvar os homens; a ren\u00fancia de tantos santos ao longo da hist\u00f3ria da Igreja \u00e9 uma ren\u00fancia feita no cora\u00e7\u00e3o de Deus, com humildade, docilidade, para dar vida, para ser fecunda.<\/p>\n<p>Muitas pessoas recebem a vida de uma pessoa capaz de renunciar, por amor, a si mesma, aos seus planos, ao seu pr\u00f3prio caminho de felicidade, de autorrealiza\u00e7\u00e3o como pessoa \u2013 essa autorrealiza\u00e7\u00e3o que hoje em dia parece sagrada para todo mundo.<\/p>\n<p>Atualmente, muitas pessoas buscam a si mesmas tentando realizar-se, encontrar o melhor lugar para desenvolver seus talentos e capacidades; reclamam quando n\u00e3o t\u00eam o emprego dos sonhos, a melhor casa, o melhor pa\u00eds&#8230; Quando seus sonhos n\u00e3o se realizam, elas n\u00e3o entendem que a ren\u00fancia pode ter um valor.<\/p>\n<p>No entanto, tamb\u00e9m h\u00e1 pessoas capazes de renunciar por amor, de colocar a si mesmas em segundo lugar \u2013 como essas mulheres fortes que aprendem a viver em solid\u00e3o para que seus filhos tenham uma boa educa\u00e7\u00e3o e possam trilhar seu caminho. Entregam o que mais amam e aprendem, assim, a amar no sil\u00eancio, na solid\u00e3o, muitas vezes na dist\u00e2ncia. Aprendem a educar de joelhos, como tantas outras m\u00e3es, quando se sentem impotentes na hora de educar seus filhos.<\/p>\n<p>Essa entrega pode ser o in\u00edcio de algo grande. Talvez de maneira pouco consciente, de forma simples e humilde. Mas podem mudar a vida para sempre.<\/p>\n<p>Ren\u00fancias assim nos fazem perguntar-nos se n\u00f3s tamb\u00e9m somos capazes de renunciar, de colocar-nos em segundo plano, de alegrar-nos quando outros podem seguir seus caminhos e encontrar a felicidade, enquanto n\u00f3s permanecemos ocultos.<\/p>\n<p>Maria \u00e9 um modelo a seguir. Ela aceitou a condi\u00e7\u00e3o de serva, dando vida \u00e0s palavras &#8220;Fa\u00e7a-se em mim segundo a tua palavra&#8221;. Ela se retirou, deixou que Jesus se fizesse carne em sua vida e mudasse para sempre seu caminho, seu destino, o rumo dos seus passos, seus pr\u00f3prios planos de vida. Trata-se de ser capazes de negar a n\u00f3s mesmos para poder afirmar os outros.<\/p>\n<p>&#8220;Sem lagar, n\u00e3o h\u00e1 vinho&#8221;, dizia o Pe. Kentenich. &#8220;Se o gr\u00e3o de trigo n\u00e3o cai na terra e morre, fica s\u00f3&#8221;, diz Jesus. Renunciar a n\u00f3s mesmos s\u00f3 tem sentido se for para que outros tenham vida em abund\u00e2ncia. Este \u00e9 o sentido de toda ren\u00fancia: uma morte para dar vida. Que os outros tenham mais vida, uma vida verdadeira e plena.<\/p>\n<p>Nosso caminho de plenitude passa pelo caminho de plenitude daqueles a quem amamos.<\/p>\n<p>E voc\u00ea, valoriza a ren\u00fancia? Entende que ela pode ser fonte de vida e fecundidade?<\/p>\n<p>A que coisas voc\u00ea renuncia por amor?<\/p>\n<p style=\"text-align: justify;\">\u00a0<\/p>\n<p style=\"text-align: justify;\"><strong>Fonte:<\/strong> Aleteia<\/p>\n","protected":false},"excerpt":{"rendered":"<p>\u00a0 \u00c0s vezes achamos que a ren\u00fancia significa apenas dor, aus\u00eancia, perda, uma falta de plenitude que n\u00e3o tem sentido algum Atualmente, muitas m\u00e3es renunciam a estar com seus filhos para morar em outro lugar e ganhar um sal\u00e1rio suficiente para sua educa\u00e7\u00e3o futura. Este \u00e9 um exemplo de como a ren\u00fancia \u00e9 geradora de [&hellip;]<\/p>\n","protected":false},"author":1,"featured_media":0,"comment_status":"closed","ping_status":"closed","sticky":false,"template":"","format":"standard","meta":{"footnotes":""},"categories":[4],"tags":[],"class_list":["post-4176","post","type-post","status-publish","format-standard","hentry","category-cotidiano"],"_links":{"self":[{"href":"https:\/\/catolicanet.net\/wp-cnet\/wp-json\/wp\/v2\/posts\/4176","targetHints":{"allow":["GET"]}}],"collection":[{"href":"https:\/\/catolicanet.net\/wp-cnet\/wp-json\/wp\/v2\/posts"}],"about":[{"href":"https:\/\/catolicanet.net\/wp-cnet\/wp-json\/wp\/v2\/types\/post"}],"author":[{"embeddable":true,"href":"https:\/\/catolicanet.net\/wp-cnet\/wp-json\/wp\/v2\/users\/1"}],"replies":[{"embeddable":true,"href":"https:\/\/catolicanet.net\/wp-cnet\/wp-json\/wp\/v2\/comments?post=4176"}],"version-history":[{"count":1,"href":"https:\/\/catolicanet.net\/wp-cnet\/wp-json\/wp\/v2\/posts\/4176\/revisions"}],"predecessor-version":[{"id":9065,"href":"https:\/\/catolicanet.net\/wp-cnet\/wp-json\/wp\/v2\/posts\/4176\/revisions\/9065"}],"wp:attachment":[{"href":"https:\/\/catolicanet.net\/wp-cnet\/wp-json\/wp\/v2\/media?parent=4176"}],"wp:term":[{"taxonomy":"category","embeddable":true,"href":"https:\/\/catolicanet.net\/wp-cnet\/wp-json\/wp\/v2\/categories?post=4176"},{"taxonomy":"post_tag","embeddable":true,"href":"https:\/\/catolicanet.net\/wp-cnet\/wp-json\/wp\/v2\/tags?post=4176"}],"curies":[{"name":"wp","href":"https:\/\/api.w.org\/{rel}","templated":true}]}}