{"id":41737,"date":"2018-06-21T09:39:36","date_gmt":"2018-06-21T12:39:36","guid":{"rendered":"http:\/\/catolicanet.net\/wp-cnet\/?p=41737"},"modified":"2018-06-21T09:39:36","modified_gmt":"2018-06-21T12:39:36","slug":"episcopado-dos-estados-unidos-condena-impacto-negativo-de-lei-sobre-migracao","status":"publish","type":"post","link":"https:\/\/catolicanet.net\/wp-cnet\/episcopado-dos-estados-unidos-condena-impacto-negativo-de-lei-sobre-migracao\/","title":{"rendered":"Episcopado dos Estados Unidos condena impacto negativo de lei sobre migra\u00e7\u00e3o"},"content":{"rendered":"<div class=\"article__subTitle\">V\u00eddeos sobre a deten\u00e7\u00e3o de crian\u00e7as estrangeiras nos Estados Unidos provocaram indigna\u00e7\u00e3o em todo o mundo. \u201cSe por um lado n\u00f3s realmente queremos uma solu\u00e7\u00e3o legislativa para os \u2018dreamer\u2019, por outro n\u00e3o podemos, em boa f\u00e9, aprovar grandes mudan\u00e7as estruturais no sistema de imigra\u00e7\u00e3o que t\u00eam um impacto negativo sobre as fam\u00edlias e sobre os vulner\u00e1veis, como as contidas nesta legisla\u00e7\u00e3o\u201d.<\/div>\n<div class=\"article__text\">\n<p>\u00c9 o que escreve Dom Joe S. V\u00e1squez, bispo de Austin (Texas) e Presidente da Comiss\u00e3o para as Migra\u00e7\u00f5es da Confer\u00eancia Episcopal Americana (USCCB\/COM), na carta enviada a todos os membros da C\u00e2mara dos Representantes dos Estados Unidos, em rela\u00e7\u00e3o a duras leis sobre a imigra\u00e7\u00e3o que devem ser discutidas neste semana pelo Parlamento.<\/p>\n<p>\u201cEsperamos \u2013 disse o prelado \u2013 que haja a oportunidade de dialogar com os legisladores e discutir poss\u00edveis oportunidades para ulteriores compromissos, particularmente no que diz respeito aos efeitos sobre as fam\u00edlias e os mais vulner\u00e1veis. \u201c<\/p>\n<p>Os chamados \u201cDreamer\u201d s\u00e3o cerca de 800.000 imigrantes levados para os EUA por seus pais, clandestinos, quando eram crian\u00e7as. Para proteg\u00ea-los, o presidente Barack Obama instituiu o programa DACA (A\u00e7\u00e3o Diferida para Chegadas na Inf\u00e2ncia). Donald Trump suspendeu o programa.<\/p>\n<p>Dom Vasquez escreveu uma primeira carta em janeiro do ano passado, opondo-se ao projeto de lei H.R. 4760, tamb\u00e9m ele em discuss\u00e3o esta semana, e que prev\u00ea a redu\u00e7\u00e3o dos vistos para trabalhadores no setor agr\u00edcola, a redu\u00e7\u00e3o de vistos para o reagrupamento familiar, financiamentos para construir o muro fronteiri\u00e7o com o M\u00e9xico e o aumento de agentes empregados no Departamento de Seguran\u00e7a.<\/p>\n<p>Na carta divulgada na ter\u00e7a-feira, 19, e enviadas \u00e0 Ag\u00eancia Fides, Dom V\u00e1squez explica: \u201cMeus irm\u00e3os bispos e eu, apreciamos o esfor\u00e7o dos Representantes para encontrar uma solu\u00e7\u00e3o legislativa para os \u2018Dreamer\u2019, adotando medidas sobre a imigra\u00e7\u00e3o na C\u00e2mara dos Representantes. Acreditamos que tal legisla\u00e7\u00e3o deva ser imparcial, oferecer aos Dreamer um caminho para a cidadania, ser a favor da fam\u00edlia, proteger os vulner\u00e1veis e ser respeitoso da dignidade humana no que diz respeito \u00e0 seguran\u00e7a e ao refor\u00e7o das fronteiras\u201d.<\/p>\n<p>No entanto, repercutiram em todo o mundo os v\u00eddeos com os choros das crian\u00e7as estrangeiras, separadas de seus pais e trancadas em centros de deten\u00e7\u00e3o por causa das novas regras relativas \u00e0 imigra\u00e7\u00e3o, uma consequ\u00eancia da \u201ctoler\u00e2ncia zero\u201d na fronteira mexicana.<\/p>\n<p>A quest\u00e3o \u00e9 amplamente debatida em todos os n\u00edveis, como testemunha tamb\u00e9m a iniciativa da Igreja Metodista Unida, que condena o procurador-geral Jeff Sessions pela pol\u00edtica do governo Trump, de separar as fam\u00edlias de imigrantes sem documentos, na fronteira sul dos Estados Unidos.<\/p>\n<p>A carta, assinada por 640 fi\u00e9is, sacerdotes e l\u00edderes da Igreja Metodista, afirma: \u201cBaseados no par\u00e1grafo 2702.3 do Livro da Disciplina da Uni\u00e3o Metodista, acusamos Jefferson Beauregard Sessions, o procurador-geral dos Estados Unidos, de crimes envolvendo abuso de menores, imoralidade, discrimina\u00e7\u00e3o racial e difus\u00e3o de doutrinas contr\u00e1rias aos padr\u00f5es da doutrina da Igreja Metodista Unida.<\/p>\n<p>Na carta \u00e9 afirmado que \u201cenquanto outros indiv\u00edduos do governo federal est\u00e3o envolvidos em cada um desses exemplos\u201d, Jeff Sessions, para ser um Metodista, encontra-se em uma \u201cuma posi\u00e7\u00e3o p\u00fablica tremendamente poderosa\u201d, da qual os signat\u00e1rios se sentem respons\u00e1veis: \u201ctemos uma obriga\u00e7\u00e3o \u00e9tica de falar corajosamente quando um de nossos membros est\u00e1 envolvido em causar danos significativos \u201c.<\/p>\n<p>&nbsp;<\/p>\n<\/div>\n<p>Fonte: CNBB<\/p>\n","protected":false},"excerpt":{"rendered":"<p>V\u00eddeos sobre a deten\u00e7\u00e3o de crian\u00e7as estrangeiras nos Estados Unidos provocaram indigna\u00e7\u00e3o em todo o mundo. \u201cSe por um lado n\u00f3s realmente queremos uma solu\u00e7\u00e3o legislativa para os \u2018dreamer\u2019, por outro n\u00e3o podemos, em boa f\u00e9, aprovar grandes mudan\u00e7as estruturais no sistema de imigra\u00e7\u00e3o que t\u00eam um impacto negativo sobre as fam\u00edlias e sobre os [&hellip;]<\/p>\n","protected":false},"author":1,"featured_media":41738,"comment_status":"open","ping_status":"closed","sticky":false,"template":"","format":"standard","meta":{"footnotes":""},"categories":[7],"tags":[],"class_list":["post-41737","post","type-post","status-publish","format-standard","has-post-thumbnail","hentry","category-cnbb"],"_links":{"self":[{"href":"https:\/\/catolicanet.net\/wp-cnet\/wp-json\/wp\/v2\/posts\/41737","targetHints":{"allow":["GET"]}}],"collection":[{"href":"https:\/\/catolicanet.net\/wp-cnet\/wp-json\/wp\/v2\/posts"}],"about":[{"href":"https:\/\/catolicanet.net\/wp-cnet\/wp-json\/wp\/v2\/types\/post"}],"author":[{"embeddable":true,"href":"https:\/\/catolicanet.net\/wp-cnet\/wp-json\/wp\/v2\/users\/1"}],"replies":[{"embeddable":true,"href":"https:\/\/catolicanet.net\/wp-cnet\/wp-json\/wp\/v2\/comments?post=41737"}],"version-history":[{"count":1,"href":"https:\/\/catolicanet.net\/wp-cnet\/wp-json\/wp\/v2\/posts\/41737\/revisions"}],"predecessor-version":[{"id":41739,"href":"https:\/\/catolicanet.net\/wp-cnet\/wp-json\/wp\/v2\/posts\/41737\/revisions\/41739"}],"wp:featuredmedia":[{"embeddable":true,"href":"https:\/\/catolicanet.net\/wp-cnet\/wp-json\/wp\/v2\/media\/41738"}],"wp:attachment":[{"href":"https:\/\/catolicanet.net\/wp-cnet\/wp-json\/wp\/v2\/media?parent=41737"}],"wp:term":[{"taxonomy":"category","embeddable":true,"href":"https:\/\/catolicanet.net\/wp-cnet\/wp-json\/wp\/v2\/categories?post=41737"},{"taxonomy":"post_tag","embeddable":true,"href":"https:\/\/catolicanet.net\/wp-cnet\/wp-json\/wp\/v2\/tags?post=41737"}],"curies":[{"name":"wp","href":"https:\/\/api.w.org\/{rel}","templated":true}]}}