{"id":41732,"date":"2018-06-20T16:37:58","date_gmt":"2018-06-20T19:37:58","guid":{"rendered":"http:\/\/catolicanet.net\/wp-cnet\/?p=41732"},"modified":"2018-06-20T16:37:58","modified_gmt":"2018-06-20T19:37:58","slug":"apesar-dos-assassinatos-sacerdotes-nao-devem-usar-armas-recordam-bispos-das-filipinas","status":"publish","type":"post","link":"https:\/\/catolicanet.net\/wp-cnet\/apesar-dos-assassinatos-sacerdotes-nao-devem-usar-armas-recordam-bispos-das-filipinas\/","title":{"rendered":"Apesar dos assassinatos, sacerdotes n\u00e3o devem usar armas, recordam bispos das Filipinas"},"content":{"rendered":"<p>MANILA, 20 Jun. 18 \/ 02:00 pm (ACI).- Os bispos das Filipinas recordaram aos seus sacerdotes que n\u00e3o devem portar armas para sua seguran\u00e7a, apesar dos assassinatos de presb\u00edteros ocorridos nos \u00faltimos meses no pa\u00eds asi\u00e1tico.<\/p>\n<p>Segundo informa a ag\u00eancia vaticana Fides, os prelados fizeram esta recomenda\u00e7\u00e3o depois que foi divulgado que ao menos quatro sacerdotes da Diocese de S\u00e3o Paulo, na prov\u00edncia de Laguna, come\u00e7aram a portar armas.<\/p>\n<p>O presidente da Confer\u00eancia Episcopal das Filipinas e Arcebispo de Davao, Dom Romulo Valles, recha\u00e7ou a ideia de um \u201cclero armado\u201d que porte legalmente arma.<\/p>\n<p>\u201cSomos homens de Deus, homens da Igreja, e \u00e9 parte de nosso minist\u00e9rio enfrentar o perigo e at\u00e9 mesmo a morte, se Deus quiser\u201d, assegurou o Prelado.<\/p>\n<p>Por sua vez, o vice-presidente da Confer\u00eancia Episcopal, Dom Pablo Virgilio David, comentou que \u201cos sacerdotes que desejarem ter armas de fogo em defesa pr\u00f3pria podem considerar abandonar o sacerd\u00f3cio e se unir ao ex\u00e9rcito ou \u00e0 pol\u00edcia\u201d.<\/p>\n<p>Por outro lado, Pe. Jerome Secillano, secret\u00e1rio executivo do Escrit\u00f3rio de assuntos P\u00fablicos do Episcopado filipino, reiterou a posi\u00e7\u00e3o da Igreja de que os sacerdotes e os agentes pastorais n\u00e3o estejam armados.<\/p>\n<p>Nos \u00faltimos meses, foram assassinados tr\u00eas sacerdotes. Pe. Richmond Nilo, de 44 anos, foi baleado enquanto se preparava para uma Missa no dia 10 de junho, em Zaragoza, prov\u00edncia de Nueva Ecija; Pe. Mark Ventura, de 37 anos, tamb\u00e9m foi v\u00edtima de um disparo ap\u00f3s celebrar a Eucaristia em 29 de abril, em Gattaran, prov\u00edncia de Cagayan; e Pe. Marcelito Paez, de 72 anos, assassinado no dia 5 de dezembro de 2017, em Ja\u00e9n, Nueva Ecija.<\/p>\n<p>Pe. Rey Urmeneta, de 64 anos, ex-capel\u00e3o da pol\u00edcia, ficou ferido e est\u00e1 se recuperando de um ataque perpetrado no dia 6 de junho, em Calamba, ao sul de Manila.<\/p>\n<p>&nbsp;<\/p>\n<p>Fonte: Acidigital<\/p>\n","protected":false},"excerpt":{"rendered":"<p>MANILA, 20 Jun. 18 \/ 02:00 pm (ACI).- Os bispos das Filipinas recordaram aos seus sacerdotes que n\u00e3o devem portar armas para sua seguran\u00e7a, apesar dos assassinatos de presb\u00edteros ocorridos nos \u00faltimos meses no pa\u00eds asi\u00e1tico. Segundo informa a ag\u00eancia vaticana Fides, os prelados fizeram esta recomenda\u00e7\u00e3o depois que foi divulgado que ao menos quatro [&hellip;]<\/p>\n","protected":false},"author":1,"featured_media":41733,"comment_status":"open","ping_status":"closed","sticky":false,"template":"","format":"standard","meta":{"footnotes":""},"categories":[4],"tags":[],"class_list":["post-41732","post","type-post","status-publish","format-standard","has-post-thumbnail","hentry","category-cotidiano"],"_links":{"self":[{"href":"https:\/\/catolicanet.net\/wp-cnet\/wp-json\/wp\/v2\/posts\/41732","targetHints":{"allow":["GET"]}}],"collection":[{"href":"https:\/\/catolicanet.net\/wp-cnet\/wp-json\/wp\/v2\/posts"}],"about":[{"href":"https:\/\/catolicanet.net\/wp-cnet\/wp-json\/wp\/v2\/types\/post"}],"author":[{"embeddable":true,"href":"https:\/\/catolicanet.net\/wp-cnet\/wp-json\/wp\/v2\/users\/1"}],"replies":[{"embeddable":true,"href":"https:\/\/catolicanet.net\/wp-cnet\/wp-json\/wp\/v2\/comments?post=41732"}],"version-history":[{"count":1,"href":"https:\/\/catolicanet.net\/wp-cnet\/wp-json\/wp\/v2\/posts\/41732\/revisions"}],"predecessor-version":[{"id":41734,"href":"https:\/\/catolicanet.net\/wp-cnet\/wp-json\/wp\/v2\/posts\/41732\/revisions\/41734"}],"wp:featuredmedia":[{"embeddable":true,"href":"https:\/\/catolicanet.net\/wp-cnet\/wp-json\/wp\/v2\/media\/41733"}],"wp:attachment":[{"href":"https:\/\/catolicanet.net\/wp-cnet\/wp-json\/wp\/v2\/media?parent=41732"}],"wp:term":[{"taxonomy":"category","embeddable":true,"href":"https:\/\/catolicanet.net\/wp-cnet\/wp-json\/wp\/v2\/categories?post=41732"},{"taxonomy":"post_tag","embeddable":true,"href":"https:\/\/catolicanet.net\/wp-cnet\/wp-json\/wp\/v2\/tags?post=41732"}],"curies":[{"name":"wp","href":"https:\/\/api.w.org\/{rel}","templated":true}]}}