{"id":41727,"date":"2018-06-20T16:28:34","date_gmt":"2018-06-20T19:28:34","guid":{"rendered":"http:\/\/catolicanet.net\/wp-cnet\/?p=41727"},"modified":"2018-06-20T16:28:34","modified_gmt":"2018-06-20T19:28:34","slug":"a-historia-do-catolico-que-fundou-a-copa-do-mundo-da-fifa","status":"publish","type":"post","link":"https:\/\/catolicanet.net\/wp-cnet\/a-historia-do-catolico-que-fundou-a-copa-do-mundo-da-fifa\/","title":{"rendered":"A hist\u00f3ria do cat\u00f3lico que fundou a Copa do Mundo da FIFA"},"content":{"rendered":"<p>REDA\u00c7\u00c3O CENTRAL, 20 Jun. 18 \/ 06:00 am (ACI).- A Copa do Mundo da FIFA \u00e9 um dos eventos esportivos internacionais mais esperados e estima-se que dezenas de milh\u00f5es de telespectadores assistam a edi\u00e7\u00e3o de 2018. O que poucos sabem \u00e9 que um cat\u00f3lico franc\u00eas fundou este campeonato.<\/p>\n<p>Trata-se de Jules Rimet, nascido em 14 de outubro de 1873 na aldeia francesa de Theuley. Quando era crian\u00e7a, serviu como coroinha na igreja local e, aos dez anos, mudou-se a Paris, pois a sua fam\u00edlia estava procurando uma oportunidade de ter uma melhor qualidade de vida em meio \u00e0 crise econ\u00f4mica.<\/p>\n<p>Segundo informou o \u2018Catholic Herald\u2019, quando em 1891 o Papa Le\u00e3o XIII lan\u00e7ou a sua enc\u00edclica \u201cRerum Novarum\u201d, o jovem Rimet e seus amigos se sentiram questionados pela preocupa\u00e7\u00e3o do Pont\u00edfice ante a mis\u00e9ria na qual viviam as classes trabalhadoras e pela falta de reformas trabalhistas.<\/p>\n<p>Inspirados pelo texto, o rapaz e seus companheiros fundaram uma organiza\u00e7\u00e3o para oferecer assist\u00eancia social e m\u00e9dica aos mais pobres. Mesmo j\u00e1 tendo se tornado um exitoso advogado, Rimet continuou fazendo obras de caridade.<\/p>\n<p>O jovem franc\u00eas tamb\u00e9m adorava os esportes e tinha a firme convic\u00e7\u00e3o de que eles uniam as pessoas, independente da ra\u00e7a e da classe social. Aos 24 anos, fundou um clube esportivo chamado \u201cRed Star\u201d, aberto a qualquer pessoa, independentemente da sua situa\u00e7\u00e3o econ\u00f4mica.<\/p>\n<p>\u201cOs homens poder\u00e3o se reunir com confian\u00e7a, sem \u00f3dio em seus cora\u00e7\u00f5es e sem insultos em seus l\u00e1bios\u201d, costumava dizer quando compartilhava a sua vis\u00e3o dos esportes.<\/p>\n<p>Naquela \u00e9poca, o futebol ainda era desprezado, pois era considerado um esporte da classe baixa e dos ingleses. Entretanto, Rimet decidiu inclu\u00ed-lo no seu clube.<\/p>\n<p>Em 1904, o advogado franc\u00eas ajudou a fundar a F\u00e9d\u00e9ration Internationale de Football Association (Federa\u00e7\u00e3o Internacional de Futebol ou FIFA). Quis organizar um campeonato internacional, mas o in\u00edcio da Primeira Guerra Mundial atrasou os seus planos.<\/p>\n<p>Rimet participou da frente de batalha durante quatro anos e foi premiado com a Cruz de Guerra, uma condecora\u00e7\u00e3o militar francesa concedida \u00e0queles que se destacaram por seus atos de hero\u00edsmo.<\/p>\n<p>Ap\u00f3s o fim da guerra, Rimet se tornou presidente da FIFA em 1921 e permaneceu durante 33 anos no cargo, o per\u00edodo de mandato mais longo na hist\u00f3ria da federa\u00e7\u00e3o.<\/p>\n<p>Seus ideais sobre o esporte o motivaram a criar em 1928 a Copa do Mundo, que foi disputada dois anos depois pela primeira vez no Uruguai. Jules Rimet levou \u00e0 Am\u00e9rica do Sul o trof\u00e9u que recebeu o seu nome at\u00e9 1970, quando o desenho da ta\u00e7a foi modificado pelo que \u00e9 entregue atualmente.<\/p>\n<p>Ta\u00e7a Jules Rimet \/ Foto: Flickr Revolweb (CC BY-SA 2.0)<\/p>\n<p>O advogado cat\u00f3lico liderou a FIFA at\u00e9 1954 e, em 1956, foi indicado ao Pr\u00eamio Nobel da Paz, por ter fundado a Copa do Mundo.<\/p>\n<p>Rimet faleceu na Fran\u00e7a em 1956, aos 83 anos.<\/p>\n<p>No livro \u201cUma Hist\u00f3ria do Futebol em 100 Objetos\u201d, Yves Rimet, seu neto, recordava-o como um \u201chumanista e idealista, que acreditava que o esporte podia unir o mundo. Comparado com as pessoas da sua \u00e9poca, ele percebeu que para ser realmente democr\u00e1tico e envolver as massas, o esporte internacional deveria ser profissional\u201d.<\/p>\n<p>Em entrevista ao jornal \u2018The Independent\u2019 em 2006, Yves afirmou que o seu av\u00f4 \u201cficaria decepcionado ao ver que, atualmente, o futebol se converteu em um neg\u00f3cio dominado pelo dinheiro. Essa n\u00e3o era a sua vis\u00e3o\u201d.<\/p>\n<p>&nbsp;<\/p>\n<p>Fonte: Acidigital<\/p>\n","protected":false},"excerpt":{"rendered":"<p>REDA\u00c7\u00c3O CENTRAL, 20 Jun. 18 \/ 06:00 am (ACI).- A Copa do Mundo da FIFA \u00e9 um dos eventos esportivos internacionais mais esperados e estima-se que dezenas de milh\u00f5es de telespectadores assistam a edi\u00e7\u00e3o de 2018. O que poucos sabem \u00e9 que um cat\u00f3lico franc\u00eas fundou este campeonato. Trata-se de Jules Rimet, nascido em 14 [&hellip;]<\/p>\n","protected":false},"author":1,"featured_media":41729,"comment_status":"open","ping_status":"closed","sticky":false,"template":"","format":"standard","meta":{"footnotes":""},"categories":[4],"tags":[],"class_list":["post-41727","post","type-post","status-publish","format-standard","has-post-thumbnail","hentry","category-cotidiano"],"_links":{"self":[{"href":"https:\/\/catolicanet.net\/wp-cnet\/wp-json\/wp\/v2\/posts\/41727","targetHints":{"allow":["GET"]}}],"collection":[{"href":"https:\/\/catolicanet.net\/wp-cnet\/wp-json\/wp\/v2\/posts"}],"about":[{"href":"https:\/\/catolicanet.net\/wp-cnet\/wp-json\/wp\/v2\/types\/post"}],"author":[{"embeddable":true,"href":"https:\/\/catolicanet.net\/wp-cnet\/wp-json\/wp\/v2\/users\/1"}],"replies":[{"embeddable":true,"href":"https:\/\/catolicanet.net\/wp-cnet\/wp-json\/wp\/v2\/comments?post=41727"}],"version-history":[{"count":1,"href":"https:\/\/catolicanet.net\/wp-cnet\/wp-json\/wp\/v2\/posts\/41727\/revisions"}],"predecessor-version":[{"id":41730,"href":"https:\/\/catolicanet.net\/wp-cnet\/wp-json\/wp\/v2\/posts\/41727\/revisions\/41730"}],"wp:featuredmedia":[{"embeddable":true,"href":"https:\/\/catolicanet.net\/wp-cnet\/wp-json\/wp\/v2\/media\/41729"}],"wp:attachment":[{"href":"https:\/\/catolicanet.net\/wp-cnet\/wp-json\/wp\/v2\/media?parent=41727"}],"wp:term":[{"taxonomy":"category","embeddable":true,"href":"https:\/\/catolicanet.net\/wp-cnet\/wp-json\/wp\/v2\/categories?post=41727"},{"taxonomy":"post_tag","embeddable":true,"href":"https:\/\/catolicanet.net\/wp-cnet\/wp-json\/wp\/v2\/tags?post=41727"}],"curies":[{"name":"wp","href":"https:\/\/api.w.org\/{rel}","templated":true}]}}