{"id":41718,"date":"2018-06-20T14:45:08","date_gmt":"2018-06-20T17:45:08","guid":{"rendered":"http:\/\/catolicanet.net\/wp-cnet\/?p=41718"},"modified":"2018-06-20T15:53:42","modified_gmt":"2018-06-20T18:53:42","slug":"romaria-da-terra-e-da-agua-regional-nordeste-4-promove-reflexao-sobre-agua-e-mineracao","status":"publish","type":"post","link":"https:\/\/catolicanet.net\/wp-cnet\/romaria-da-terra-e-da-agua-regional-nordeste-4-promove-reflexao-sobre-agua-e-mineracao\/","title":{"rendered":"Romaria da Terra e da \u00c1gua: Regional Nordeste 4 promove reflex\u00e3o sobre \u00e1gua e minera\u00e7\u00e3o"},"content":{"rendered":"<p>Com o tema \u201cDefender a natureza e os direitos dos pobres\u201d e lema \u201cPara que todos tenham vida\u201d (Jo 10, 10), a 14\u00aa Romaria da Terra e da \u00c1gua do Piau\u00ed vai ser realizada nos dias 14 e 15 de julho na cidade de Paulistana, diocese de Picos (PI).<\/p>\n<p>A iniciativa que j\u00e1 tem mais de 3 mil inscritos tem como objetivo evidenciar o clamor do povo por vida digna e lutar pela preserva\u00e7\u00e3o da terra e da \u00e1gua como dons de Deus, essenciais \u00e0 vida de todos. Pela quantidade de romeiros j\u00e1 inscritos esta deve ser uma das maiores romarias j\u00e1 realizadas no estado do Piau\u00ed.<\/p>\n<p>O arcebispo de Teresina (PI), dom Jacinto Furtado de Brito Sobrinho e presidente do Regional Nordeste 4 da Confer\u00eancia Nacional dos Bispos do Brasil (CNBB) diz que realizar a Romaria cidade de Paulistana, situada no sudeste do Piau\u00ed, \u00e9 um ato prof\u00e9tico pois a regi\u00e3o sofre as consequ\u00eancias da minera\u00e7\u00e3o e da estiagem.<\/p>\n<p>A Romaria acontece no Piau\u00ed desde 1988 e se tornou uma grande mobiliza\u00e7\u00e3o popular na defesa da preserva\u00e7\u00e3o da terra e da \u00e1gua. Al\u00e9m de ser um momento de reflex\u00e3o da sociedade sobre o cuidado com o meio ambiente.<\/p>\n<p><em>\u201cO que n\u00f3s esperamos \u00e9 uma chamada de aten\u00e7\u00e3o particularmente, no ano eleitoral, para a corresponsabilidade que n\u00f3s temos diante dos graves problemas sociais da regi\u00e3o como \u00e9 a quest\u00e3o da minera\u00e7\u00e3o, pol\u00edticas p\u00fablicas, que atingem especialmente a atividade agr\u00edcola e h\u00eddrica da regi\u00e3o\u201d, ressalta dom Jacinto.<\/em><\/p>\n<p>O evento tem o apoio de entidades como o F\u00f3rum de Conviv\u00eancia com o Semi\u00e1rido, Pastorais Sociais pertencentes ao regional NE 4 CNBB, Federa\u00e7\u00e3o dos Trabalhadores em Agricultura (Fetag), Obra Kolping, C\u00e1ritas e Sindicato dos Trabalhadores Rurais.<\/p>\n<p>A 14\u00aa Romaria j\u00e1 conta com um aplicativo para os romeiros ficarem informados sobre tudo que envolve a Romaria. O aplicativo \u201cEm Romaria\u201d pode ser baixado no\u00a0Google Play (Android) ou App Store (Apple)<\/p>\n<p>&nbsp;<\/p>\n<p>Fonte: CNBB<\/p>\n","protected":false},"excerpt":{"rendered":"<p>Com o tema \u201cDefender a natureza e os direitos dos pobres\u201d e lema \u201cPara que todos tenham vida\u201d (Jo 10, 10), a 14\u00aa Romaria da Terra e da \u00c1gua do Piau\u00ed vai ser realizada nos dias 14 e 15 de julho na cidade de Paulistana, diocese de Picos (PI). A iniciativa que j\u00e1 tem mais [&hellip;]<\/p>\n","protected":false},"author":1,"featured_media":41720,"comment_status":"open","ping_status":"closed","sticky":false,"template":"","format":"standard","meta":{"footnotes":""},"categories":[13],"tags":[],"class_list":["post-41718","post","type-post","status-publish","format-standard","has-post-thumbnail","hentry","category-featured"],"_links":{"self":[{"href":"https:\/\/catolicanet.net\/wp-cnet\/wp-json\/wp\/v2\/posts\/41718","targetHints":{"allow":["GET"]}}],"collection":[{"href":"https:\/\/catolicanet.net\/wp-cnet\/wp-json\/wp\/v2\/posts"}],"about":[{"href":"https:\/\/catolicanet.net\/wp-cnet\/wp-json\/wp\/v2\/types\/post"}],"author":[{"embeddable":true,"href":"https:\/\/catolicanet.net\/wp-cnet\/wp-json\/wp\/v2\/users\/1"}],"replies":[{"embeddable":true,"href":"https:\/\/catolicanet.net\/wp-cnet\/wp-json\/wp\/v2\/comments?post=41718"}],"version-history":[{"count":1,"href":"https:\/\/catolicanet.net\/wp-cnet\/wp-json\/wp\/v2\/posts\/41718\/revisions"}],"predecessor-version":[{"id":41719,"href":"https:\/\/catolicanet.net\/wp-cnet\/wp-json\/wp\/v2\/posts\/41718\/revisions\/41719"}],"wp:featuredmedia":[{"embeddable":true,"href":"https:\/\/catolicanet.net\/wp-cnet\/wp-json\/wp\/v2\/media\/41720"}],"wp:attachment":[{"href":"https:\/\/catolicanet.net\/wp-cnet\/wp-json\/wp\/v2\/media?parent=41718"}],"wp:term":[{"taxonomy":"category","embeddable":true,"href":"https:\/\/catolicanet.net\/wp-cnet\/wp-json\/wp\/v2\/categories?post=41718"},{"taxonomy":"post_tag","embeddable":true,"href":"https:\/\/catolicanet.net\/wp-cnet\/wp-json\/wp\/v2\/tags?post=41718"}],"curies":[{"name":"wp","href":"https:\/\/api.w.org\/{rel}","templated":true}]}}