{"id":4168,"date":"2014-02-06T16:44:34","date_gmt":"2014-02-06T18:44:34","guid":{"rendered":"http:\/\/catolicanet.net\/wp-cnet\/aparecida-inaugurado-encontro-dos-presbiteros-testemunhas-de-fe-esperanca-e-caridade\/"},"modified":"2017-04-04T13:38:11","modified_gmt":"2017-04-04T16:38:11","slug":"aparecida-inaugurado-encontro-dos-presbiteros-testemunhas-de-fe-esperanca-e-caridade","status":"publish","type":"post","link":"https:\/\/catolicanet.net\/wp-cnet\/aparecida-inaugurado-encontro-dos-presbiteros-testemunhas-de-fe-esperanca-e-caridade\/","title":{"rendered":"Aparecida: inaugurado Encontro dos Presb\u00edteros &#8211; testemunhas de f\u00e9, esperan\u00e7a e caridade"},"content":{"rendered":"<p style=\"text-align: center;\"><img decoding=\"async\" src=\"http:\/\/catolicanet.com.br\/images\/stories\/aparecidaigreja.png\" border=\"0\" \/><\/p>\n<p style=\"text-align: justify;\"><span style=\"line-height: 1.3em;\"><\/p>\n<p>Teve in\u00edcio na quarta-feira (5), em Aparecida (SP), o 15\u00ba Encontro Nacional dos Presb\u00edteros (ENP). <\/span><\/p>\n<p style=\"text-align: justify;\">\u00a0<\/p>\n<p style=\"text-align: justify;\">At\u00e9 o dia 11 de fevereiro, aproximadamente 400 presb\u00edteros das dioceses do Brasil retomam e aprofundam a caminhada, refletindo, a partir de exposi\u00e7\u00f5es, debates e grupos de estudo, sobre a viv\u00eancia de seu testemunho e a melhor maneira de exercer o minist\u00e9rio na cultura atual. O tema do encontro \u00e9 \u201cConc\u00edlio Vaticano II e os Presb\u00edteros do Brasil: Testemunhas de F\u00e9, Esperan\u00e7a e Caridade\u201d e o lema \u201cEstai sempre prontos a dar a raz\u00e3o da esperan\u00e7a a quem a pedir\u201d (Cf. 1Pd 3, 15).<\/p>\n<p style=\"text-align: justify;\">\u00a0<\/p>\n<p style=\"text-align: justify;\">O assessor da Comiss\u00e3o Episcopal para os Minist\u00e9rios Ordenados e a Vida Consagrada, Padre Deusmar Jesus Silva, enviou carta no dia 22 de janeiro convidando presb\u00edteros do Brasil inteiro para participar da missa de encerramento no dia 11 de fevereiro \u00e0s 9h, presidida pelo N\u00fancio Apost\u00f3lico no Brasil, Dom Giovanni D\u2019Aniello, na Bas\u00edlica de Nossa Senhora Aparecida.<\/p>\n<p style=\"text-align: justify;\">\u00a0<\/p>\n<p style=\"text-align: justify;\">Na carta, Padre Deusmar recorda os aspectos da realidade da vida e do minist\u00e9rio presbiteral. \u201cS\u00e3o tantos os testemunhos de presb\u00edteros incans\u00e1veis que gastaram e gastam suas energias, tempo e vidas, dedicando-se ao servi\u00e7o do Evangelho\u201d, lembra.<\/p>\n<p style=\"text-align: justify;\">\u00a0<\/p>\n<p style=\"text-align: justify;\">O 15\u00ba ENP ser\u00e1 organizado e dirigido pela Comiss\u00e3o Nacional de Presb\u00edteros, que faz parte da Comiss\u00e3o para os Minist\u00e9rios Ordenados e a Vida Consagrada da CNBB.<\/p>\n<p style=\"text-align: justify;\">\u00a0<\/p>\n<p style=\"text-align: justify;\"><strong>Fonte:<\/strong> R\u00e1dio Vaticano<br \/><strong>Local:<\/strong> Aparecida<\/p>\n<p>\u00a0<\/p>\n<p>\u00a0<\/p>\n","protected":false},"excerpt":{"rendered":"<p>Teve in\u00edcio na quarta-feira (5), em Aparecida (SP), o 15\u00ba Encontro Nacional dos Presb\u00edteros (ENP). \u00a0 At\u00e9 o dia 11 de fevereiro, aproximadamente 400 presb\u00edteros das dioceses do Brasil retomam e aprofundam a caminhada, refletindo, a partir de exposi\u00e7\u00f5es, debates e grupos de estudo, sobre a viv\u00eancia de seu testemunho e a melhor maneira de [&hellip;]<\/p>\n","protected":false},"author":1,"featured_media":0,"comment_status":"closed","ping_status":"closed","sticky":false,"template":"","format":"standard","meta":{"footnotes":""},"categories":[3],"tags":[],"class_list":["post-4168","post","type-post","status-publish","format-standard","hentry","category-vaticano"],"_links":{"self":[{"href":"https:\/\/catolicanet.net\/wp-cnet\/wp-json\/wp\/v2\/posts\/4168","targetHints":{"allow":["GET"]}}],"collection":[{"href":"https:\/\/catolicanet.net\/wp-cnet\/wp-json\/wp\/v2\/posts"}],"about":[{"href":"https:\/\/catolicanet.net\/wp-cnet\/wp-json\/wp\/v2\/types\/post"}],"author":[{"embeddable":true,"href":"https:\/\/catolicanet.net\/wp-cnet\/wp-json\/wp\/v2\/users\/1"}],"replies":[{"embeddable":true,"href":"https:\/\/catolicanet.net\/wp-cnet\/wp-json\/wp\/v2\/comments?post=4168"}],"version-history":[{"count":1,"href":"https:\/\/catolicanet.net\/wp-cnet\/wp-json\/wp\/v2\/posts\/4168\/revisions"}],"predecessor-version":[{"id":9075,"href":"https:\/\/catolicanet.net\/wp-cnet\/wp-json\/wp\/v2\/posts\/4168\/revisions\/9075"}],"wp:attachment":[{"href":"https:\/\/catolicanet.net\/wp-cnet\/wp-json\/wp\/v2\/media?parent=4168"}],"wp:term":[{"taxonomy":"category","embeddable":true,"href":"https:\/\/catolicanet.net\/wp-cnet\/wp-json\/wp\/v2\/categories?post=4168"},{"taxonomy":"post_tag","embeddable":true,"href":"https:\/\/catolicanet.net\/wp-cnet\/wp-json\/wp\/v2\/tags?post=4168"}],"curies":[{"name":"wp","href":"https:\/\/api.w.org\/{rel}","templated":true}]}}