{"id":4165,"date":"2014-02-06T16:19:14","date_gmt":"2014-02-06T18:19:14","guid":{"rendered":"http:\/\/catolicanet.net\/wp-cnet\/na-quaresma-o-convite-do-papa-a-doar-se-e-nao-somente-a-doar\/"},"modified":"2017-04-04T13:39:57","modified_gmt":"2017-04-04T16:39:57","slug":"na-quaresma-o-convite-do-papa-a-doar-se-e-nao-somente-a-doar","status":"publish","type":"post","link":"https:\/\/catolicanet.net\/wp-cnet\/na-quaresma-o-convite-do-papa-a-doar-se-e-nao-somente-a-doar\/","title":{"rendered":"Na Quaresma, o convite do Papa a doar-se, e n\u00e3o somente a doar"},"content":{"rendered":"<p style=\"text-align: justify;\">\u00a0<\/p>\n<p style=\"text-align: justify;\"><span style=\"line-height: 1.3em;\"><img decoding=\"async\" src=\"http:\/\/catolicanet.com.br\/images\/stories\/quaresma.jpg\" border=\"0\" align=\"left\" \/>Ricos porque pobres: em s\u00edntese, esta \u00e9 a mensagem do Papa Francisco para a Quaresma deste ano. No texto, o Pont\u00edfice pede que os crist\u00e3os curem com a caridade as mazelas provocadas n\u00e3o somente pela pobreza material, mas tamb\u00e9m moral e espiritual.<\/span><\/p>\n<p style=\"text-align: justify;\">\u00a0<\/p>\n<p style=\"text-align: justify;\">Esta caridade, todavia, vai muito al\u00e9m do simples dar ou doar. O que Francisco nos pede \u00e9 dar-se e o doar-se, ou seja, uma dimens\u00e3o humana muito mais profunda, que transforma o nosso ser e agir.<\/p>\n<p style=\"text-align: justify;\">\u00a0<\/p>\n<p style=\"text-align: justify;\">A Quaresma, escreve o Papa, \u201c\u00e9 um tempo prop\u00edcio para o despojamento; e nos far\u00e1 bem questionar-nos acerca do que nos podemos privar a fim de ajudar e enriquecer a outros com a nossa pobreza\u201d.<\/p>\n<p style=\"text-align: justify;\">\u00a0<\/p>\n<p style=\"text-align: justify;\">Sobre este conceito, n\u00f3s pedimos um coment\u00e1rio ao scalabriniano Pe. Sergio Durigon, que de Roma est\u00e1 de malas prontas para uma miss\u00e3o na \u00c1frica do Sul, com os imigrantes na cidade de Johanesburgo.<\/p>\n<p style=\"text-align: justify;\">\u00a0<\/p>\n<p style=\"text-align: justify;\">Em especial, Pe. Sergio comenta a frase em que Francisco afirma: \u201cN\u00e3o esque\u00e7amos que a verdadeira pobreza d\u00f3i: n\u00e3o seria v\u00e1lido um despojamento sem esta dimens\u00e3o penitencial. Desconfio da esmola que n\u00e3o custa nem d\u00f3i\u201d.<\/p>\n<p style=\"text-align: justify;\">\u00a0<\/p>\n<p style=\"text-align: justify;\"><strong>Fonte:<\/strong> R\u00e1dio Vaticano<br \/><strong>Local:<\/strong> Cidade do Vaticano<\/p>\n","protected":false},"excerpt":{"rendered":"<p>\u00a0 Ricos porque pobres: em s\u00edntese, esta \u00e9 a mensagem do Papa Francisco para a Quaresma deste ano. No texto, o Pont\u00edfice pede que os crist\u00e3os curem com a caridade as mazelas provocadas n\u00e3o somente pela pobreza material, mas tamb\u00e9m moral e espiritual. \u00a0 Esta caridade, todavia, vai muito al\u00e9m do simples dar ou doar. [&hellip;]<\/p>\n","protected":false},"author":1,"featured_media":0,"comment_status":"closed","ping_status":"closed","sticky":false,"template":"","format":"standard","meta":{"footnotes":""},"categories":[3],"tags":[],"class_list":["post-4165","post","type-post","status-publish","format-standard","hentry","category-vaticano"],"_links":{"self":[{"href":"https:\/\/catolicanet.net\/wp-cnet\/wp-json\/wp\/v2\/posts\/4165","targetHints":{"allow":["GET"]}}],"collection":[{"href":"https:\/\/catolicanet.net\/wp-cnet\/wp-json\/wp\/v2\/posts"}],"about":[{"href":"https:\/\/catolicanet.net\/wp-cnet\/wp-json\/wp\/v2\/types\/post"}],"author":[{"embeddable":true,"href":"https:\/\/catolicanet.net\/wp-cnet\/wp-json\/wp\/v2\/users\/1"}],"replies":[{"embeddable":true,"href":"https:\/\/catolicanet.net\/wp-cnet\/wp-json\/wp\/v2\/comments?post=4165"}],"version-history":[{"count":1,"href":"https:\/\/catolicanet.net\/wp-cnet\/wp-json\/wp\/v2\/posts\/4165\/revisions"}],"predecessor-version":[{"id":9078,"href":"https:\/\/catolicanet.net\/wp-cnet\/wp-json\/wp\/v2\/posts\/4165\/revisions\/9078"}],"wp:attachment":[{"href":"https:\/\/catolicanet.net\/wp-cnet\/wp-json\/wp\/v2\/media?parent=4165"}],"wp:term":[{"taxonomy":"category","embeddable":true,"href":"https:\/\/catolicanet.net\/wp-cnet\/wp-json\/wp\/v2\/categories?post=4165"},{"taxonomy":"post_tag","embeddable":true,"href":"https:\/\/catolicanet.net\/wp-cnet\/wp-json\/wp\/v2\/tags?post=4165"}],"curies":[{"name":"wp","href":"https:\/\/api.w.org\/{rel}","templated":true}]}}