{"id":4162,"date":"2014-02-06T12:19:11","date_gmt":"2014-02-06T14:19:11","guid":{"rendered":"http:\/\/catolicanet.net\/wp-cnet\/audiencia-eucaristia-fonte-de-vida-da-igreja\/"},"modified":"2017-04-04T13:41:38","modified_gmt":"2017-04-04T16:41:38","slug":"audiencia-eucaristia-fonte-de-vida-da-igreja","status":"publish","type":"post","link":"https:\/\/catolicanet.net\/wp-cnet\/audiencia-eucaristia-fonte-de-vida-da-igreja\/","title":{"rendered":"Audi\u00eancia: Eucaristia, fonte de vida da Igreja"},"content":{"rendered":"<p style=\"text-align: justify;\">\u00a0<\/p>\n<p style=\"text-align: center;\"><img decoding=\"async\" src=\"http:\/\/catolicanet.com.br\/images\/stories\/papaeucaristia.jpg\" border=\"0\" \/><\/p>\n<p style=\"text-align: justify;\"><span style=\"line-height: 1.3em;\">N\u00e3o obstante a chuva que h\u00e1 dias cai sobre Roma, cerca de 13 mil fi\u00e9is e peregrinos compareceram \u00e0 Pra\u00e7a S. Pedro esta quarta-feira, para a Audi\u00eancia Geral.<\/span><\/p>\n<p style=\"text-align: justify;\"><span style=\"line-height: 1.3em;\">Prosseguindo sua s\u00e9rie de catequeses sobre os Sacramentos, Francisco falou hoje da Eucaristia, cora\u00e7\u00e3o da \u201cinicia\u00e7\u00e3o crist\u00e3\u201d com o Batismo e a Confirma\u00e7\u00e3o.<\/span><\/p>\n<p style=\"text-align: justify;\"><span style=\"line-height: 1.3em;\">O que vemos quando nos reunimos para celebrar a Eucaristia nos faz intuir aquilo que estamos para viver. O altar coberto por uma toalha nos faz pensar num banquete: Cristo \u00e9 o alimento espiritual que recebemos. Ao lado, est\u00e1 o amb\u00e3o, de onde se proclama a Palavra de Deus.<\/span><\/p>\n<p style=\"text-align: justify;\"><span style=\"line-height: 1.3em;\">Palavra e P\u00e3o na Missa se tornam uma s\u00f3 coisa, como na \u00daltima Ceia, quando todas as suas palavras e os seus sinais se condensaram no gesto de partir o p\u00e3o e oferecer o c\u00e1lice.<\/span><\/p>\n<p style=\"text-align: justify;\"><span style=\"line-height: 1.3em;\">\u201cO gesto de Jesus realizado na \u00daltima Ceia \u00e9 o extremo agradecimento ao Pai pelo seu amor, pela sua miseric\u00f3rdia. \u2018Agradecimento\u2019 em grego se diz \u2018eucaristia\u2019. Eis o motivo pelo qual o termo Eucaristia resume todo aquele gesto, que \u00e9 gesto de Deus e do homem juntos, gesto de Jesus Cristo, verdadeiro Deus e verdadeiro homem\u201d, disse o Papa, explicando que, com aquele gesto, o Senhor Jesus derrama sobre n\u00f3s toda a sua miseric\u00f3rdia e o seu amor e, deste modo, renova o nosso cora\u00e7\u00e3o, a nossa vida e o nosso modo de nos relacionarmos com Ele e com os irm\u00e3os.<\/span><\/p>\n<p style=\"text-align: justify;\"><span style=\"line-height: 1.3em;\">Por isso, explicou o Pont\u00edfice, a celebra\u00e7\u00e3o eucar\u00edstica \u00e9 muito mais do que um simples banquete: \u00e9 o memorial da P\u00e1scoa de Jesus, o mist\u00e9rio central da salva\u00e7\u00e3o. Quando nos aproximamos deste sacramento, \u00e9 costume dizer que vamos \u201creceber a Comunh\u00e3o\u201d. Na pot\u00eancia do Esp\u00edrito Santo, a participa\u00e7\u00e3o na eucaristia nos conforma de modo \u00fanico e profundo a Cristo, fazendo-nos saborear desde j\u00e1 a plena comunh\u00e3o com o Pai que caracterizar\u00e1 o banquete celeste, onde com todos os Santos teremos a alegria inimagin\u00e1vel de contemplar Deus face a face.<\/span><\/p>\n<p style=\"text-align: justify;\"><span style=\"line-height: 1.3em;\">\u201cQueridos amigos, nunca agradeceremos suficientemente ao Senhor pelo dom que nos fez com a Eucaristia! \u00c9 um dom muito grande e por isso \u00e9 importante ir \u00e0 missa aos domingos, n\u00e3o somente para rezar, mas para receber a Comunh\u00e3o. \u00c9 o dia da ressurrei\u00e7\u00e3o do Senhor. E jamais conseguiremos colher todo o seu valor e a sua riqueza. Pe\u00e7amos ent\u00e3o que este Sacramento possa continuar a manter viva na Igreja a sua presen\u00e7a e a plasmar as nossas comunidades na caridade e na comunh\u00e3o, segundo o cora\u00e7\u00e3o do Pai. E isso se faz durante toda a vida, mas se come\u00e7a no dia da Primeira Comunh\u00e3o. \u00c9 importante que as crian\u00e7as se preparem bem para este dia, porque \u00e9 o primeiro passo desta perten\u00e7a a Jesus Cristo.\u201d<\/span><\/p>\n<p style=\"text-align: justify;\"><span style=\"line-height: 1.3em;\">No final da Audi\u00eancia, o Papa dirigiu um pensamento especial \u00e0s muitas pessoas, \u201cnossos irm\u00e3os e irm\u00e3s\u201d, que sofrem a consequ\u00eancia das chuvas na regi\u00e3o da Toscana e em Roma. \u201cRezemos todos e nos mantenhamos pr\u00f3ximos com o nosso esfor\u00e7o, com a nossa solidariedade e com o nosso amor.\u201d<\/span><\/p>\n<p style=\"text-align: justify;\"><span style=\"line-height: 1.3em;\">Devido \u00e0 chuva, Francisco cumprimentou os doentes antes da Audi\u00eancia, na Sala Paulo VI.<\/span><\/p>\n<p style=\"text-align: justify;\">\u00a0<\/p>\n<p style=\"text-align: justify;\"><strong>Fonte:<\/strong> R\u00e1dio Vaticano<br \/><strong>Local:<\/strong> Cidade Vaticano<\/p>\n","protected":false},"excerpt":{"rendered":"<p>\u00a0 N\u00e3o obstante a chuva que h\u00e1 dias cai sobre Roma, cerca de 13 mil fi\u00e9is e peregrinos compareceram \u00e0 Pra\u00e7a S. Pedro esta quarta-feira, para a Audi\u00eancia Geral. Prosseguindo sua s\u00e9rie de catequeses sobre os Sacramentos, Francisco falou hoje da Eucaristia, cora\u00e7\u00e3o da \u201cinicia\u00e7\u00e3o crist\u00e3\u201d com o Batismo e a Confirma\u00e7\u00e3o. O que vemos [&hellip;]<\/p>\n","protected":false},"author":1,"featured_media":0,"comment_status":"closed","ping_status":"closed","sticky":false,"template":"","format":"standard","meta":{"footnotes":""},"categories":[3],"tags":[],"class_list":["post-4162","post","type-post","status-publish","format-standard","hentry","category-vaticano"],"_links":{"self":[{"href":"https:\/\/catolicanet.net\/wp-cnet\/wp-json\/wp\/v2\/posts\/4162","targetHints":{"allow":["GET"]}}],"collection":[{"href":"https:\/\/catolicanet.net\/wp-cnet\/wp-json\/wp\/v2\/posts"}],"about":[{"href":"https:\/\/catolicanet.net\/wp-cnet\/wp-json\/wp\/v2\/types\/post"}],"author":[{"embeddable":true,"href":"https:\/\/catolicanet.net\/wp-cnet\/wp-json\/wp\/v2\/users\/1"}],"replies":[{"embeddable":true,"href":"https:\/\/catolicanet.net\/wp-cnet\/wp-json\/wp\/v2\/comments?post=4162"}],"version-history":[{"count":1,"href":"https:\/\/catolicanet.net\/wp-cnet\/wp-json\/wp\/v2\/posts\/4162\/revisions"}],"predecessor-version":[{"id":9081,"href":"https:\/\/catolicanet.net\/wp-cnet\/wp-json\/wp\/v2\/posts\/4162\/revisions\/9081"}],"wp:attachment":[{"href":"https:\/\/catolicanet.net\/wp-cnet\/wp-json\/wp\/v2\/media?parent=4162"}],"wp:term":[{"taxonomy":"category","embeddable":true,"href":"https:\/\/catolicanet.net\/wp-cnet\/wp-json\/wp\/v2\/categories?post=4162"},{"taxonomy":"post_tag","embeddable":true,"href":"https:\/\/catolicanet.net\/wp-cnet\/wp-json\/wp\/v2\/tags?post=4162"}],"curies":[{"name":"wp","href":"https:\/\/api.w.org\/{rel}","templated":true}]}}