{"id":41575,"date":"2018-06-14T12:05:33","date_gmt":"2018-06-14T15:05:33","guid":{"rendered":"http:\/\/catolicanet.net\/wp-cnet\/?p=41575"},"modified":"2018-06-14T12:10:25","modified_gmt":"2018-06-14T15:10:25","slug":"cardeal-condena-novos-ataques-contra-a-populacao-e-a-igreja-na-nicaragua","status":"publish","type":"post","link":"https:\/\/catolicanet.net\/wp-cnet\/cardeal-condena-novos-ataques-contra-a-populacao-e-a-igreja-na-nicaragua\/","title":{"rendered":"Cardeal condena novos ataques contra a popula\u00e7\u00e3o e a Igreja na Nicar\u00e1gua"},"content":{"rendered":"<p>O Arcebispo de Man\u00e1gua, Cardeal Leopoldo Brenes, condenou os ataques que grupos paramilitares ligados ao governo realizaram desde a madrugada de 12 de junho contra a popula\u00e7\u00e3o e a <a href=\"https:\/\/www.acidigital.com\/igreja\/index.html\">Igreja<\/a> na Nicar\u00e1gua.<\/p>\n<p>Em um comunicado, o Cardeal repudiou os ataques ocorridos na cidade de Jinotepe, assim como \u201ca decis\u00e3o do hospital p\u00fablico de n\u00e3o receber os feridos\u201d.<\/p>\n<p>Por outro lado, Pe. Alfredo Garc\u00eda, da Par\u00f3quia S\u00e3o Crist\u00f3v\u00e3o, em Man\u00e1gua, denunciou as amea\u00e7as recebidas na manh\u00e3 de ter\u00e7a-feira, 12 de junho, e responsabilizou os grupos paramilitares \u201cpor qualquer coisa que fa\u00e7am contra a nossa par\u00f3quia\u201d. \u201cAgradecemos a comunidade que tem estado pendente de nossa par\u00f3quia e os convidamos a estar em constante ora\u00e7\u00e3o\u201d.<\/p>\n<div class=\"ad_inline\">\n<div id=\"div-gpt-ad-1472661422739-0\" data-google-query-id=\"CJ_8tYq109sCFY8YhgodKQkO-A\">\n<div id=\"google_ads_iframe_\/4493921\/ACI_D_Article_1_0__container__\"><\/div>\n<\/div>\n<\/div>\n<p>Os bairros orientais de Man\u00e1gua sofreram o ass\u00e9dio de diversos grupos paramilitares que atuam sem que a pol\u00edcia intervenha e que s\u00e3o ligados ao presidente da Nicar\u00e1gua, Daniel Ortega.<\/p>\n<p>Segundo o jornal espanhol \u2018El Pa\u00eds\u2019, \u201cos disparos e rajadas soaram em um dia de viol\u00eancia que a capital da Nicar\u00e1gua n\u00e3o tinha vivido em d\u00e9cadas. Desta maneira, o presidente Ortega mant\u00e9m a repress\u00e3o na Nicar\u00e1gua\u201d.<\/p>\n<p>Al\u00e9m disso, Ortega ofereceu aos Estados Unidos adiantar as elei\u00e7\u00f5es, previstas originalmente para 2021, como uma sa\u00edda \u00e0 grave crise que j\u00e1 dura 57 dias na Nicar\u00e1gua e que deixou o tr\u00e1gico saldo de mais de 145 mortos.<\/p>\n<p>O Cardeal Brenes concluiu seu comunicado fazendo um chamado a \u201cseguir buscando a paz em um ambiente pac\u00edfico e n\u00e3o de viol\u00eancia. Do mesmo modo faz um chamado \u00e0s autoridades encarregadas a deter os ataques contra a popula\u00e7\u00e3o\u201d.<\/p>\n<p>&nbsp;<\/p>\n<p>Fonte: Acidigital<\/p>\n","protected":false},"excerpt":{"rendered":"<p>O Arcebispo de Man\u00e1gua, Cardeal Leopoldo Brenes, condenou os ataques que grupos paramilitares ligados ao governo realizaram desde a madrugada de 12 de junho contra a popula\u00e7\u00e3o e a Igreja na Nicar\u00e1gua. Em um comunicado, o Cardeal repudiou os ataques ocorridos na cidade de Jinotepe, assim como \u201ca decis\u00e3o do hospital p\u00fablico de n\u00e3o receber [&hellip;]<\/p>\n","protected":false},"author":1,"featured_media":41577,"comment_status":"open","ping_status":"closed","sticky":false,"template":"","format":"standard","meta":{"footnotes":""},"categories":[4],"tags":[],"class_list":["post-41575","post","type-post","status-publish","format-standard","has-post-thumbnail","hentry","category-cotidiano"],"_links":{"self":[{"href":"https:\/\/catolicanet.net\/wp-cnet\/wp-json\/wp\/v2\/posts\/41575","targetHints":{"allow":["GET"]}}],"collection":[{"href":"https:\/\/catolicanet.net\/wp-cnet\/wp-json\/wp\/v2\/posts"}],"about":[{"href":"https:\/\/catolicanet.net\/wp-cnet\/wp-json\/wp\/v2\/types\/post"}],"author":[{"embeddable":true,"href":"https:\/\/catolicanet.net\/wp-cnet\/wp-json\/wp\/v2\/users\/1"}],"replies":[{"embeddable":true,"href":"https:\/\/catolicanet.net\/wp-cnet\/wp-json\/wp\/v2\/comments?post=41575"}],"version-history":[{"count":1,"href":"https:\/\/catolicanet.net\/wp-cnet\/wp-json\/wp\/v2\/posts\/41575\/revisions"}],"predecessor-version":[{"id":41576,"href":"https:\/\/catolicanet.net\/wp-cnet\/wp-json\/wp\/v2\/posts\/41575\/revisions\/41576"}],"wp:featuredmedia":[{"embeddable":true,"href":"https:\/\/catolicanet.net\/wp-cnet\/wp-json\/wp\/v2\/media\/41577"}],"wp:attachment":[{"href":"https:\/\/catolicanet.net\/wp-cnet\/wp-json\/wp\/v2\/media?parent=41575"}],"wp:term":[{"taxonomy":"category","embeddable":true,"href":"https:\/\/catolicanet.net\/wp-cnet\/wp-json\/wp\/v2\/categories?post=41575"},{"taxonomy":"post_tag","embeddable":true,"href":"https:\/\/catolicanet.net\/wp-cnet\/wp-json\/wp\/v2\/tags?post=41575"}],"curies":[{"name":"wp","href":"https:\/\/api.w.org\/{rel}","templated":true}]}}