{"id":4155,"date":"2014-02-04T11:54:44","date_gmt":"2014-02-04T13:54:44","guid":{"rendered":"http:\/\/catolicanet.net\/wp-cnet\/fazer-o-bem\/"},"modified":"2017-04-04T13:58:22","modified_gmt":"2017-04-04T16:58:22","slug":"fazer-o-bem","status":"publish","type":"post","link":"https:\/\/catolicanet.net\/wp-cnet\/fazer-o-bem\/","title":{"rendered":"Fazer o bem"},"content":{"rendered":"<p style=\"text-align: justify;\">\u00a0<\/p>\n<p style=\"text-align: justify;\">Em tempos atuais marcados por relaxamento generalizado dos valores tradicionais da sociedade, ficamos inseguros quanto ao dizer o que fazemos de bem ou de mal. Dar esmola a quem pede pelas ruas e, com ela, consegue viver no anonimato social, ser\u00e1 que estou fazendo o bem? Posso estar sendo conivente com o estado de depend\u00eancia de quem mendiga.<\/p>\n<p style=\"text-align: justify;\">O assistencialismo, as campanhas espor\u00e1dicas de agasalhos, g\u00eaneros aliment\u00edcios, sextas b\u00e1sicas, s\u00e3o entendidos como um bem. Sabemos que tem mais valor dar do que receber. Quem doa, partilha, mas pode n\u00e3o estar libertando e nem promovendo a quem recebe. Doar simplesmente pode significar contribuir para que a pessoa se acomode e n\u00e3o lute por sair de sua condi\u00e7\u00e3o de dependente.<\/p>\n<p style=\"text-align: justify;\">Em outro momento \u00e9 dito que devemos dar sem olhar a quem; uma m\u00e3o n\u00e3o deve saber o que doa a outra. Numa vis\u00e3o crist\u00e3, tudo bem. Mas ser\u00e1 mesmo tudo bem? A quest\u00e3o vai muito mais longe, com uma estrutura social totalmente arranhada, ou ferida por uma realidade de extremismos econ\u00f4micos, revelando uma cultura de injusti\u00e7a distributiva e de exclus\u00e3o.<\/p>\n<p style=\"text-align: justify;\">A Palavra de Deus fala em \u201cser sal e luz\u201d no mundo. Mundo de palavras brilhantes, discursos empolgantes, mas desconectados com um projeto de vida para todos. Atender ao projeto de Deus significa deixar-se guiar por ele e construir uma sociedade fraterna, que consiga superar a onda de viol\u00eancia que assusta a todos.<\/p>\n<p style=\"text-align: justify;\">O descuido em rela\u00e7\u00e3o aos princ\u00edpios do Evangelho tem levado as administra\u00e7\u00f5es p\u00fablicas ao que chamamos de \u201cbeco sem sa\u00edda\u201d. O que fazer para conter hoje o n\u00edvel de viol\u00eancia, de vandalismo em rela\u00e7\u00e3o ao patrim\u00f4nio p\u00fablico e a inseguran\u00e7a? \u00c9 preciso encontrar um caminho inovador que conquiste a autoestima.<\/p>\n<p style=\"text-align: justify;\">O caminho renovador deve ser capaz de provocar conduta reta e pr\u00e1tica de valores que elevam a dignidade das pessoas, diminuindo o sofrimento de quem tem muito e de quem n\u00e3o tem nada. S\u00e3o extremos que carecem de proximidade, de despojamento e de compromisso mais s\u00e9rio com o sentido da vida.<\/p>\n","protected":false},"excerpt":{"rendered":"<p>\u00a0 Em tempos atuais marcados por relaxamento generalizado dos valores tradicionais da sociedade, ficamos inseguros quanto ao dizer o que fazemos de bem ou de mal. Dar esmola a quem pede pelas ruas e, com ela, consegue viver no anonimato social, ser\u00e1 que estou fazendo o bem? Posso estar sendo conivente com o estado de [&hellip;]<\/p>\n","protected":false},"author":11,"featured_media":0,"comment_status":"closed","ping_status":"closed","sticky":false,"template":"","format":"standard","meta":{"footnotes":""},"categories":[9],"tags":[],"class_list":["post-4155","post","type-post","status-publish","format-standard","hentry","category-artigos"],"_links":{"self":[{"href":"https:\/\/catolicanet.net\/wp-cnet\/wp-json\/wp\/v2\/posts\/4155","targetHints":{"allow":["GET"]}}],"collection":[{"href":"https:\/\/catolicanet.net\/wp-cnet\/wp-json\/wp\/v2\/posts"}],"about":[{"href":"https:\/\/catolicanet.net\/wp-cnet\/wp-json\/wp\/v2\/types\/post"}],"author":[{"embeddable":true,"href":"https:\/\/catolicanet.net\/wp-cnet\/wp-json\/wp\/v2\/users\/11"}],"replies":[{"embeddable":true,"href":"https:\/\/catolicanet.net\/wp-cnet\/wp-json\/wp\/v2\/comments?post=4155"}],"version-history":[{"count":1,"href":"https:\/\/catolicanet.net\/wp-cnet\/wp-json\/wp\/v2\/posts\/4155\/revisions"}],"predecessor-version":[{"id":9088,"href":"https:\/\/catolicanet.net\/wp-cnet\/wp-json\/wp\/v2\/posts\/4155\/revisions\/9088"}],"wp:attachment":[{"href":"https:\/\/catolicanet.net\/wp-cnet\/wp-json\/wp\/v2\/media?parent=4155"}],"wp:term":[{"taxonomy":"category","embeddable":true,"href":"https:\/\/catolicanet.net\/wp-cnet\/wp-json\/wp\/v2\/categories?post=4155"},{"taxonomy":"post_tag","embeddable":true,"href":"https:\/\/catolicanet.net\/wp-cnet\/wp-json\/wp\/v2\/tags?post=4155"}],"curies":[{"name":"wp","href":"https:\/\/api.w.org\/{rel}","templated":true}]}}