{"id":41502,"date":"2018-06-13T09:01:07","date_gmt":"2018-06-13T12:01:07","guid":{"rendered":"http:\/\/catolicanet.net\/wp-cnet\/?p=41502"},"modified":"2018-06-13T09:01:07","modified_gmt":"2018-06-13T12:01:07","slug":"igreja-coreana-promove-novena-de-oracao-pela-paz-e-clama-por-unidade-entre-coreias","status":"publish","type":"post","link":"https:\/\/catolicanet.net\/wp-cnet\/igreja-coreana-promove-novena-de-oracao-pela-paz-e-clama-por-unidade-entre-coreias\/","title":{"rendered":"Igreja Coreana promove novena de ora\u00e7\u00e3o pela paz e clama por unidade entre coreias"},"content":{"rendered":"<p>A Igreja Coreana promove uma novena de ora\u00e7\u00e3o pela paz e uma confer\u00eancia pela reconcilia\u00e7\u00e3o e a unidade das duas Coreias. O an\u00fancio foi feito ap\u00f3s o encontro do l\u00edder da Coreia do Norte, Kim Jong-un com o presidente dos Estados Unidos, Donald Trump, em Singapura, na Ilha de Sentosa, na ter\u00e7a-feira, 12. Na ocasi\u00e3o, eles assinaram em conjunto uma declara\u00e7\u00e3o in\u00e9dita na qual se comprometem a estabelecer rela\u00e7\u00f5es de paz entre seus povos.<\/p>\n<div id=\"attachment_195288\" class=\"wp-caption alignright\"><img loading=\"lazy\" decoding=\"async\" class=\"wp-image-195288 size-medium\" src=\"http:\/\/www.cnbb.org.br\/wp-content\/uploads\/sites\/32\/2018\/06\/000-15u92w-300x188.jpg\" srcset=\"http:\/\/www.cnbb.org.br\/wp-content\/uploads\/sites\/32\/2018\/06\/000-15u92w-300x188.jpg 300w, http:\/\/www.cnbb.org.br\/wp-content\/uploads\/sites\/32\/2018\/06\/000-15u92w-768x481.jpg 768w, http:\/\/www.cnbb.org.br\/wp-content\/uploads\/sites\/32\/2018\/06\/000-15u92w.jpg 1000w\" alt=\"\" width=\"300\" height=\"188\" \/><\/p>\n<p class=\"wp-caption-text\">Donald Trump exibe o documento assinado por ele e Kim Jong-Un em Singapura, na ter\u00e7a-feira, 12. Cr\u00e9dito: Saul Loeb\/AFP<\/p>\n<\/div>\n<p>Os dois pa\u00edses \u201cdecidiram deixar o passado para tr\u00e1s\u201d e \u201co mundo ver\u00e1 uma grande mudan\u00e7a\u201d, segundo o l\u00edder da Coreia do Norte, Kim Jong-un. O engajamento com o fim da produ\u00e7\u00e3o de armas nucleares e a desnucleariza\u00e7\u00e3o completa da pen\u00ednsula coreana era uma condi\u00e7\u00e3o imposta pelos Estados Unidos para a realiza\u00e7\u00e3o do acordo. Al\u00e9m disso, no documento os dois pa\u00edses se comprometem a unir esfor\u00e7os para construir um regime de paz est\u00e1vel e duradouro e a recuperar os restos mortais de prisioneiros de guerras, incluindo a imediata repatria\u00e7\u00e3o daqueles j\u00e1 identificados.<\/p>\n<p>O encontro entre os dois l\u00edderes foi o ponto alto para os bispos da Coreia lan\u00e7arem a novena, que dever\u00e1 ser realizada de 17 a 25 de junho. A proposta \u00e9 que para cada dia haja uma inten\u00e7\u00e3o de ora\u00e7\u00e3o: \u00a0\u00a0para a cura da separa\u00e7\u00e3o do povo coreano; para as fam\u00edlias separadas por causa da guerra coreana; para os irm\u00e3os que vivem no Norte; para os refugiados origin\u00e1rios do Norte que vivem no Sul; para os pol\u00edticos do Sul e do Norte; para a evangeliza\u00e7\u00e3o do Norte; para a promo\u00e7\u00e3o dos interc\u00e2mbios entre o Sul e o Norte; para a verdadeira reconcilia\u00e7\u00e3o entre o sul e o Norte e para a reunifica\u00e7\u00e3o pac\u00edfica entre o Sul e o Norte.<\/p>\n<p><strong>Com informa\u00e7\u00f5es do Vatican News<\/strong><\/p>\n<p>&nbsp;<\/p>\n<p>Fonte: CNBB<\/p>\n","protected":false},"excerpt":{"rendered":"<p>A Igreja Coreana promove uma novena de ora\u00e7\u00e3o pela paz e uma confer\u00eancia pela reconcilia\u00e7\u00e3o e a unidade das duas Coreias. O an\u00fancio foi feito ap\u00f3s o encontro do l\u00edder da Coreia do Norte, Kim Jong-un com o presidente dos Estados Unidos, Donald Trump, em Singapura, na Ilha de Sentosa, na ter\u00e7a-feira, 12. Na ocasi\u00e3o, [&hellip;]<\/p>\n","protected":false},"author":1,"featured_media":41503,"comment_status":"open","ping_status":"closed","sticky":false,"template":"","format":"standard","meta":{"footnotes":""},"categories":[7],"tags":[],"class_list":["post-41502","post","type-post","status-publish","format-standard","has-post-thumbnail","hentry","category-cnbb"],"_links":{"self":[{"href":"https:\/\/catolicanet.net\/wp-cnet\/wp-json\/wp\/v2\/posts\/41502","targetHints":{"allow":["GET"]}}],"collection":[{"href":"https:\/\/catolicanet.net\/wp-cnet\/wp-json\/wp\/v2\/posts"}],"about":[{"href":"https:\/\/catolicanet.net\/wp-cnet\/wp-json\/wp\/v2\/types\/post"}],"author":[{"embeddable":true,"href":"https:\/\/catolicanet.net\/wp-cnet\/wp-json\/wp\/v2\/users\/1"}],"replies":[{"embeddable":true,"href":"https:\/\/catolicanet.net\/wp-cnet\/wp-json\/wp\/v2\/comments?post=41502"}],"version-history":[{"count":1,"href":"https:\/\/catolicanet.net\/wp-cnet\/wp-json\/wp\/v2\/posts\/41502\/revisions"}],"predecessor-version":[{"id":41504,"href":"https:\/\/catolicanet.net\/wp-cnet\/wp-json\/wp\/v2\/posts\/41502\/revisions\/41504"}],"wp:featuredmedia":[{"embeddable":true,"href":"https:\/\/catolicanet.net\/wp-cnet\/wp-json\/wp\/v2\/media\/41503"}],"wp:attachment":[{"href":"https:\/\/catolicanet.net\/wp-cnet\/wp-json\/wp\/v2\/media?parent=41502"}],"wp:term":[{"taxonomy":"category","embeddable":true,"href":"https:\/\/catolicanet.net\/wp-cnet\/wp-json\/wp\/v2\/categories?post=41502"},{"taxonomy":"post_tag","embeddable":true,"href":"https:\/\/catolicanet.net\/wp-cnet\/wp-json\/wp\/v2\/tags?post=41502"}],"curies":[{"name":"wp","href":"https:\/\/api.w.org\/{rel}","templated":true}]}}