{"id":41485,"date":"2018-06-12T14:03:46","date_gmt":"2018-06-12T17:03:46","guid":{"rendered":"http:\/\/catolicanet.net\/wp-cnet\/?p=41485"},"modified":"2018-06-12T14:03:46","modified_gmt":"2018-06-12T17:03:46","slug":"familias-e-as-misericordias-de-deus","status":"publish","type":"post","link":"https:\/\/catolicanet.net\/wp-cnet\/familias-e-as-misericordias-de-deus\/","title":{"rendered":"Fam\u00edlias e as miseric\u00f3rdias de Deus"},"content":{"rendered":"<p><a href=\"http:\/\/jornalosp.arquisp.org.br\/colunista\/padre-jose-ulisses-leva\">Padre Jos\u00e9 Ulisses Leva<\/a><\/p>\n<p class=\"rtejustify\">Como as fam\u00edlias entendem o an\u00fancio de Cristo Jesus proclamando o Reino de Deus? O que sugeriu o Papa Francisco com o Jubileu Extraordin\u00e1rio da Miseric\u00f3rdia? Como nossas fam\u00edlias devem seguir na viv\u00eancia cotidiana tanto as resolu\u00e7\u00f5es do S\u00ednodo Ordin\u00e1rio sobre as Fam\u00edlias quanto as benesses oferecidas no ocorrido Ano da Miseric\u00f3rdia?<\/p>\n<p class=\"rtejustify\">Dom Odilo Pedro Scherer tem nos orientado sobre as conclus\u00f5es do S\u00ednodo Ordin\u00e1rio sobre as Fam\u00edlias, a partir da Exorta\u00e7\u00e3o Apost\u00f3lica Amoris Laetitia (AL), para o bem de nossas fam\u00edlias; e, como pastor da Igreja em S\u00e3o Paulo, tem nos conduzido a buscar sempre na miseric\u00f3rdia de Deus nosso eficiente itiner\u00e1rio de santidade de vida.<\/p>\n<p class=\"rtejustify\">Aproveitando as bel\u00edssimas proposi\u00e7\u00f5es do Papa, aprofundamos nosso bem querer \u00e0s fam\u00edlias, igreja dom\u00e9stica, no desejo efetivo e operoso de torn\u00e1-las uma porta aberta para a santidade querida por Deus. \u201cNa realidade, o amor social, reflexo da Trindade, \u00e9 o que unifica o sentido espiritual da fam\u00edlia e a sua miss\u00e3o fora de si mesma, porque torna presente o querigma com todas as suas exig\u00eancias comunit\u00e1rias. A fam\u00edlia vive a sua espiritualidade pr\u00f3pria, sendo ao mesmo tempo uma igreja dom\u00e9stica\u00a0e uma c\u00e9lula viva para transformar o mundo\u201d (AL 324).<\/p>\n<p class=\"rtejustify\">As pessoas se alegram quando s\u00e3o acolhidas e bem recebidas na Igreja. Sentem-se parte integrante e fazem da Igreja a extens\u00e3o da sua casa. Quando bem recebidas, tamb\u00e9m sentem o desejo de transmitir aos outros o acolhimento \u00e0 luz da Palavra de Deus. Assim, tornam-se portadoras da mensagem salutar do Evangelho de Cristo Jesus junto aos seus familiares e amigos. Acontece, portanto, a propaga\u00e7\u00e3o e dilata\u00e7\u00e3o do Reino anunciado pelo Alt\u00edssimo Filho de Deus, Jesus Cristo, a todas as pessoas. \u201cEu quero amor e n\u00e3o sacrif\u00edcios, conhecimento de Deus e n\u00e3o holocaustos\u201d (Os 6,6). \u201cN\u00e3o \u00e9 a observ\u00e2ncia da lei que salva, mas a f\u00e9 em Jesus Cristo, que, pela sua morte e ressurrei\u00e7\u00e3o, traz a salva\u00e7\u00e3o com a miseric\u00f3rdia que justifica\u201d (MV n\u00ba 20).<\/p>\n<p class=\"rtejustify\">As pessoas est\u00e3o carentes da mensagem salutar que encontramos nas passagens da Boa Nova trazida pelo Filho de Deus. Simultaneamente, precisamos apresentar a Trindade Santa falando pessoalmente com cada membro que comp\u00f5e a Igreja. As pessoas procuram Deus e querem encontr\u00e1- -Lo. Precisamos oferecer a cada pessoa um encontro amoroso, acolhedor e misericordioso com Deus, para orient\u00e1-la a viver em comunidade.<\/p>\n<p class=\"rtejustify\">A Igreja dever ser a porta aberta para acolher novos membros e, ao mesmo tempo, deve oferecer o conhecimento do an\u00fancio querigm\u00e1tico contido no Evangelho da Alegria proclamado por Cristo Jesus. Momento privilegiado para falar de Deus e celebrar a vida com a Trindade Santa \u00e9 a Santa Missa. Na Eucaristia, vivemos o c\u00e9u estando ainda da terra; vivemos o hoje saboreando e antevendo as del\u00edcias do Eterno.<\/p>\n<p class=\"rtejustify\">O Papa Francisco tem apresentado com alegria suas expectativas pastorais \u00e0 Igreja. Em tempos de s\u00ednodo arquidiocesano, Dom Odilo Pedro Scherer tem se mostrado incans\u00e1vel no seu m\u00fanus de pastor junto \u00e0 Igreja em S\u00e3o Paulo, vislumbrando as obras de miseric\u00f3rdia.<\/p>\n<p class=\"rtejustify\">As Sagradas Escrituras devem nortear as fam\u00edlias, juntamente aos documentos emitidos pelo Papa Francisco e \u00e0s orienta\u00e7\u00f5es pastorais arquidiocesanas promulgadas por Dom Odilo Pedro Scherer. \u00a0Seja, de fato, tempo de profunda alegria e operosa benesse a todas as fam\u00edlias que vivem a proposta do Reino de Deus e praticam intensamente as obras de miseric\u00f3rdia.<\/p>\n<p>&nbsp;<\/p>\n<p>Fonte: Jornal O S\u00c3O PAULO<\/p>\n","protected":false},"excerpt":{"rendered":"<p>Padre Jos\u00e9 Ulisses Leva Como as fam\u00edlias entendem o an\u00fancio de Cristo Jesus proclamando o Reino de Deus? O que sugeriu o Papa Francisco com o Jubileu Extraordin\u00e1rio da Miseric\u00f3rdia? Como nossas fam\u00edlias devem seguir na viv\u00eancia cotidiana tanto as resolu\u00e7\u00f5es do S\u00ednodo Ordin\u00e1rio sobre as Fam\u00edlias quanto as benesses oferecidas no ocorrido Ano da [&hellip;]<\/p>\n","protected":false},"author":1,"featured_media":41486,"comment_status":"open","ping_status":"closed","sticky":false,"template":"","format":"standard","meta":{"footnotes":""},"categories":[4],"tags":[],"class_list":["post-41485","post","type-post","status-publish","format-standard","has-post-thumbnail","hentry","category-cotidiano"],"_links":{"self":[{"href":"https:\/\/catolicanet.net\/wp-cnet\/wp-json\/wp\/v2\/posts\/41485","targetHints":{"allow":["GET"]}}],"collection":[{"href":"https:\/\/catolicanet.net\/wp-cnet\/wp-json\/wp\/v2\/posts"}],"about":[{"href":"https:\/\/catolicanet.net\/wp-cnet\/wp-json\/wp\/v2\/types\/post"}],"author":[{"embeddable":true,"href":"https:\/\/catolicanet.net\/wp-cnet\/wp-json\/wp\/v2\/users\/1"}],"replies":[{"embeddable":true,"href":"https:\/\/catolicanet.net\/wp-cnet\/wp-json\/wp\/v2\/comments?post=41485"}],"version-history":[{"count":1,"href":"https:\/\/catolicanet.net\/wp-cnet\/wp-json\/wp\/v2\/posts\/41485\/revisions"}],"predecessor-version":[{"id":41487,"href":"https:\/\/catolicanet.net\/wp-cnet\/wp-json\/wp\/v2\/posts\/41485\/revisions\/41487"}],"wp:featuredmedia":[{"embeddable":true,"href":"https:\/\/catolicanet.net\/wp-cnet\/wp-json\/wp\/v2\/media\/41486"}],"wp:attachment":[{"href":"https:\/\/catolicanet.net\/wp-cnet\/wp-json\/wp\/v2\/media?parent=41485"}],"wp:term":[{"taxonomy":"category","embeddable":true,"href":"https:\/\/catolicanet.net\/wp-cnet\/wp-json\/wp\/v2\/categories?post=41485"},{"taxonomy":"post_tag","embeddable":true,"href":"https:\/\/catolicanet.net\/wp-cnet\/wp-json\/wp\/v2\/tags?post=41485"}],"curies":[{"name":"wp","href":"https:\/\/api.w.org\/{rel}","templated":true}]}}