{"id":4145,"date":"2014-02-02T03:00:00","date_gmt":"2014-02-02T05:00:00","guid":{"rendered":"http:\/\/catolicanet.net\/wp-cnet\/veneza-dom-parolin-abencoa-estrutura-da-caritas-dedicada-ao-papa-francisco\/"},"modified":"2017-04-04T14:09:53","modified_gmt":"2017-04-04T17:09:53","slug":"veneza-dom-parolin-abencoa-estrutura-da-caritas-dedicada-ao-papa-francisco","status":"publish","type":"post","link":"https:\/\/catolicanet.net\/wp-cnet\/veneza-dom-parolin-abencoa-estrutura-da-caritas-dedicada-ao-papa-francisco\/","title":{"rendered":"Veneza: Dom Parolin aben\u00e7oa estrutura da Caritas dedicada ao Papa Francisco"},"content":{"rendered":"<p style=\"text-align: justify;\">\u00a0<\/p>\n<p style=\"text-align: justify;\"><span style=\"line-height: 1.3em;\"><img decoding=\"async\" src=\"http:\/\/catolicanet.com.br\/images\/stories\/caritas.jpg\" border=\"0\" align=\"left\" \/>O Secret\u00e1rio de Estado, Dom Pietro Parolin, futuro cardeal, ir\u00e1 aben\u00e7oar na pr\u00f3xima quarta-feira, dia 5, o &#8220;Dormit\u00f3rio-refeit\u00f3rio Papa Francisco&#8221; que a Caritas Veneziana est\u00e1 construindo, em Marghera, a pedido do Patriarca de Veneza, Dom Francesco Moraglia.<\/span><\/p>\n<p style=\"text-align: justify;\"><span style=\"line-height: 1.3em;\">A cerim\u00f4nia de b\u00ean\u00e7\u00e3o da nova estrutura, dedicada ao Santo Padre, contar\u00e1 com a presen\u00e7a de autoridades locais e comunidades eclesiais do territ\u00f3rio.<\/span><\/p>\n<p style=\"text-align: justify;\"><span style=\"line-height: 1.3em;\">O Papa Francisco foi informado pelo Patriarca Moraglia sobre a iniciativa. N\u00e3o se trata de uma verdadeira inaugura\u00e7\u00e3o, pois os trabalhos de reestrutura\u00e7\u00e3o do edif\u00edcio, que era uma escola, ainda est\u00e3o em andamento. <\/span><\/p>\n<p style=\"text-align: justify;\"><span style=\"line-height: 1.3em;\">&#8220;Este \u00e9 um sinal de que a Igreja em Veneza \u00e9 um campo aberto. Procuramos responder a uma necessidade: dar abrigo, jantar e caf\u00e9 da manh\u00e3 a quem precisa&#8221;, disse o Diretor da Caritas de Veneza, Pe. Dino Pistolato.<\/span><\/p>\n<p style=\"text-align: justify;\">\u00a0<\/p>\n<p style=\"text-align: justify;\"><strong>Fonte:<\/strong> R\u00e1dio Vaticano<\/p>\n<p style=\"text-align: justify;\"><strong>Local:<\/strong> Cidade do Vaticano<\/p>\n<p style=\"text-align: justify;\">\u00a0<\/p>\n<p>\u00a0<\/p>\n<p>\u00a0<\/p>\n","protected":false},"excerpt":{"rendered":"<p>\u00a0 O Secret\u00e1rio de Estado, Dom Pietro Parolin, futuro cardeal, ir\u00e1 aben\u00e7oar na pr\u00f3xima quarta-feira, dia 5, o &#8220;Dormit\u00f3rio-refeit\u00f3rio Papa Francisco&#8221; que a Caritas Veneziana est\u00e1 construindo, em Marghera, a pedido do Patriarca de Veneza, Dom Francesco Moraglia. A cerim\u00f4nia de b\u00ean\u00e7\u00e3o da nova estrutura, dedicada ao Santo Padre, contar\u00e1 com a presen\u00e7a de autoridades [&hellip;]<\/p>\n","protected":false},"author":1,"featured_media":0,"comment_status":"closed","ping_status":"closed","sticky":false,"template":"","format":"standard","meta":{"footnotes":""},"categories":[3],"tags":[],"class_list":["post-4145","post","type-post","status-publish","format-standard","hentry","category-vaticano"],"_links":{"self":[{"href":"https:\/\/catolicanet.net\/wp-cnet\/wp-json\/wp\/v2\/posts\/4145","targetHints":{"allow":["GET"]}}],"collection":[{"href":"https:\/\/catolicanet.net\/wp-cnet\/wp-json\/wp\/v2\/posts"}],"about":[{"href":"https:\/\/catolicanet.net\/wp-cnet\/wp-json\/wp\/v2\/types\/post"}],"author":[{"embeddable":true,"href":"https:\/\/catolicanet.net\/wp-cnet\/wp-json\/wp\/v2\/users\/1"}],"replies":[{"embeddable":true,"href":"https:\/\/catolicanet.net\/wp-cnet\/wp-json\/wp\/v2\/comments?post=4145"}],"version-history":[{"count":1,"href":"https:\/\/catolicanet.net\/wp-cnet\/wp-json\/wp\/v2\/posts\/4145\/revisions"}],"predecessor-version":[{"id":9102,"href":"https:\/\/catolicanet.net\/wp-cnet\/wp-json\/wp\/v2\/posts\/4145\/revisions\/9102"}],"wp:attachment":[{"href":"https:\/\/catolicanet.net\/wp-cnet\/wp-json\/wp\/v2\/media?parent=4145"}],"wp:term":[{"taxonomy":"category","embeddable":true,"href":"https:\/\/catolicanet.net\/wp-cnet\/wp-json\/wp\/v2\/categories?post=4145"},{"taxonomy":"post_tag","embeddable":true,"href":"https:\/\/catolicanet.net\/wp-cnet\/wp-json\/wp\/v2\/tags?post=4145"}],"curies":[{"name":"wp","href":"https:\/\/api.w.org\/{rel}","templated":true}]}}