{"id":4142,"date":"2014-02-02T03:00:00","date_gmt":"2014-02-02T05:00:00","guid":{"rendered":"http:\/\/catolicanet.net\/wp-cnet\/jesus-hoje-e-apresentado-no-templo\/"},"modified":"2017-04-04T14:09:25","modified_gmt":"2017-04-04T17:09:25","slug":"jesus-hoje-e-apresentado-no-templo","status":"publish","type":"post","link":"https:\/\/catolicanet.net\/wp-cnet\/jesus-hoje-e-apresentado-no-templo\/","title":{"rendered":"Jesus hoje \u00e9 apresentado no templo."},"content":{"rendered":"<p style=\"text-align: justify;\">\u00a0<\/p>\n<p style=\"text-align: justify;\"><span style=\"line-height: 1.3em; white-space: pre;\"> <\/span><span style=\"line-height: 1.3em;\">Jesus hoje \u00e9 apresentado ao Templo de Jerusal\u00e9m. Ia, junto de seus pais, cumprirem a lei mosaica, &#8220;Conforme est\u00e1 escrito na Lei do Senhor: &#8220;Todo primog\u00eanito do sexo masculino deve ser consagrado ao Senhor.&#8221; Foram tamb\u00e9m oferecer o sacrif\u00edcio &#8211; um par de rolas ou dois pombinhos &#8211; como est\u00e1 ordenado na Lei do Senhor&#8221;(cf. Lc 2, 23-24).<\/span><\/p>\n<p style=\"text-align: justify;\"><span style=\"white-space: pre;\"> <\/span>O velho Sime\u00e3o, homem justo e piedoso, subiu ao templo, tomou o menino nos bra\u00e7os e bendisse a Deus: &#8220;Agora, Senhor, conforme a tua promessa, podes deixar teu servo partir em paz; porque meus olhos viram a tua salva\u00e7\u00e3o, que preparaste diante de todos os povos: luz para iluminar as na\u00e7\u00f5es e gl\u00f3ria do teu povo Israel.&#8221; (cf. Lc 2, 29-32).<\/p>\n<p style=\"text-align: justify;\"><span style=\"white-space: pre;\"> <\/span>O velho Sime\u00e3o os aben\u00e7oou e disse a Maria, a m\u00e3e de Jesus:<\/p>\n<p style=\"text-align: justify;\">&#8220;Este menino vai ser causa tanto de queda como de reerguimento para muitos em Israel. Ele ser\u00e1 um sinal de contradi\u00e7\u00e3o. Assim ser\u00e3o revelados os pensamentos de muitos cora\u00e7\u00f5es. Quanto a ti, uma espada te traspassar\u00e1 a alma.&#8221;(cf. Lc. 2, 34-35).<\/p>\n<p style=\"text-align: justify;\"><span style=\"white-space: pre;\"> <\/span>Os bispos da Am\u00e9rica Latina e do Caribe, e entre eles o ent\u00e3o Cardeal Arcebispo de Buenos Aires, hoje Papa Francisco, na Confer\u00eancia de Aparecida, falaram da alegria do disc\u00edpulo que poderemos comparar com a luz: &#8220;Desejamos que a alegria que recebemos no encontro com Jesus Cristo, a quem reconhecemos como o Filho de Deus encarnado e redentor, chegue a todos os homens e mulheres feridos pelas adversidades; desejamos que a alegria da boa nova do Reino de Deus, de Jesus Cristo vencedor do pecado e da morte, chegue a todos quantos jazem \u00e0 beira do caminho, pedindo esmola e compaix\u00e3o (cf. Lc 10,29-37; 18,25-43). A alegria do disc\u00edpulo \u00e9 ant\u00eddoto frente a um mundo atemorizado pelo futuro e oprimido pela viol\u00eancia e pelo \u00f3dio. A alegria do disc\u00edpulo n\u00e3o \u00e9 um sentimento de bem-estar ego\u00edsta, mas uma certeza que brota da f\u00e9, que serena o cora\u00e7\u00e3o e capacita para anunciar a boa nova do amor de Deus. Conhecer a Jesus \u00e9 o melhor presente que qualquer pessoa pode receber; t\u00ea-lo encontrado foi o melhor que ocorreu em nossas vidas, e faz\u00ea-lo conhecido com nossa palavra e obras \u00e9 nossa alegria.&#8221; (DAp 29).<\/p>\n<p style=\"text-align: justify;\"><span style=\"white-space: pre;\"> <\/span>O verdadeiro sentido da festa da Apresenta\u00e7\u00e3o do Senhor, ou Festa da Luz, ou festa de Nossa Senhora da Candel\u00e1ria, ou ainda de Nossa Senhora das Candeias, \u00e9 o encontro de Cristo e sua Igreja. Isto vale para qualquer celebra\u00e7\u00e3o lit\u00fargica, mas especialmente para esta festa. A liturgia nos convida a dar as boas-vindas a Cristo e a sua m\u00e3e, como o fez seu pr\u00f3prio povo de ent\u00e3o: \u201c\u00d3 Si\u00e3o, enfeita teu quarto nupcial e d\u00e1 boas-vindas a Cristo Rei; abra\u00e7a a Maria, porque ela \u00e9 a verdadeira porta do c\u00e9u e traz o glorioso Rei da luz nova\u201d.<\/p>\n<p style=\"text-align: justify;\"><span style=\"white-space: pre;\"> <\/span>Na pobreza de nossas m\u00e3os ou mesmo carregado de nossos pecados e dificuldades da vida, procuremos o rosto de Deus, e hoje nos apresentemos, de m\u00e3os postas ao Senhor, e vamos ao seu encontro para que a sua luz ilumine a nossa vida. Que Nossa Senhora da Luz nos guie neste bom prop\u00f3sito.<\/p>\n<p style=\"text-align: justify;\"><span style=\"white-space: pre;\"> <\/span>Por fim, espiritualmente, me uno aos meus antigos diocesanos da Diocese de Luz e de sua cidade. Que a bela imagem de Nossa Senhora da Luz, do belo de trono de gl\u00f3ria de sua Catedral, a primeira constru\u00edda numa vila, que ainda n\u00e3o era cidade, continue aben\u00e7oando n\u00e3o s\u00f3 a nossa episcopal cidade de Luz do Aterrado, mas toda a amada e inesquec\u00edvel Diocese de Luz, p\u00e9rola preciosa incrustada no centro-oeste de Minas, a nos apontar o Cristo luz dos povos! Rogai por n\u00f3s Virgem da Luz, ilumine-nos no caminho de apresenta\u00e7\u00e3o ao Ressuscitado!<\/p>\n","protected":false},"excerpt":{"rendered":"<p>\u00a0 Jesus hoje \u00e9 apresentado ao Templo de Jerusal\u00e9m. Ia, junto de seus pais, cumprirem a lei mosaica, &#8220;Conforme est\u00e1 escrito na Lei do Senhor: &#8220;Todo primog\u00eanito do sexo masculino deve ser consagrado ao Senhor.&#8221; Foram tamb\u00e9m oferecer o sacrif\u00edcio &#8211; um par de rolas ou dois pombinhos &#8211; como est\u00e1 ordenado na Lei do [&hellip;]<\/p>\n","protected":false},"author":10,"featured_media":0,"comment_status":"closed","ping_status":"closed","sticky":false,"template":"","format":"standard","meta":{"footnotes":""},"categories":[9],"tags":[],"class_list":["post-4142","post","type-post","status-publish","format-standard","hentry","category-artigos"],"_links":{"self":[{"href":"https:\/\/catolicanet.net\/wp-cnet\/wp-json\/wp\/v2\/posts\/4142","targetHints":{"allow":["GET"]}}],"collection":[{"href":"https:\/\/catolicanet.net\/wp-cnet\/wp-json\/wp\/v2\/posts"}],"about":[{"href":"https:\/\/catolicanet.net\/wp-cnet\/wp-json\/wp\/v2\/types\/post"}],"author":[{"embeddable":true,"href":"https:\/\/catolicanet.net\/wp-cnet\/wp-json\/wp\/v2\/users\/10"}],"replies":[{"embeddable":true,"href":"https:\/\/catolicanet.net\/wp-cnet\/wp-json\/wp\/v2\/comments?post=4142"}],"version-history":[{"count":1,"href":"https:\/\/catolicanet.net\/wp-cnet\/wp-json\/wp\/v2\/posts\/4142\/revisions"}],"predecessor-version":[{"id":9101,"href":"https:\/\/catolicanet.net\/wp-cnet\/wp-json\/wp\/v2\/posts\/4142\/revisions\/9101"}],"wp:attachment":[{"href":"https:\/\/catolicanet.net\/wp-cnet\/wp-json\/wp\/v2\/media?parent=4142"}],"wp:term":[{"taxonomy":"category","embeddable":true,"href":"https:\/\/catolicanet.net\/wp-cnet\/wp-json\/wp\/v2\/categories?post=4142"},{"taxonomy":"post_tag","embeddable":true,"href":"https:\/\/catolicanet.net\/wp-cnet\/wp-json\/wp\/v2\/tags?post=4142"}],"curies":[{"name":"wp","href":"https:\/\/api.w.org\/{rel}","templated":true}]}}