{"id":41373,"date":"2018-06-07T09:17:43","date_gmt":"2018-06-07T12:17:43","guid":{"rendered":"http:\/\/catolicanet.net\/wp-cnet\/?p=41373"},"modified":"2018-06-11T10:22:42","modified_gmt":"2018-06-11T13:22:42","slug":"sagrado-coracao-de-jesus-3","status":"publish","type":"post","link":"https:\/\/catolicanet.net\/wp-cnet\/sagrado-coracao-de-jesus-3\/","title":{"rendered":"Sagrado Cora\u00e7\u00e3o de Jesus"},"content":{"rendered":"<p>A devo\u00e7\u00e3o ao Sagrado Cora\u00e7\u00e3o \u00e9 uma das piedades mais difundidas e mais amada pelos fi\u00e9is.\u00a0\u00a0 A express\u00e3o \u201cCora\u00e7\u00e3o de Cristo\u201d nos remete \u00e0 totalidade de seu ser, Verbo encarnado para a salva\u00e7\u00e3o de toda a humanidade. Esta piedade popular tem a sua fundamenta\u00e7\u00e3o na Sagrada Escritura. Jesus, em seu Evangelho, convida os disc\u00edpulos a viverem em \u00edntima comunh\u00e3o com ele, assumindo a sua palavra como modo de vida e revelando-se um mestre \u201cmanso e humilde de cora\u00e7\u00e3o\u201d.<\/p>\n<p>Os Santos Padres muitas vezes falaram do Cora\u00e7\u00e3o de Cristo como s\u00edmbolo de seu amor, tomando-o da Escritura: &#8220;Beberemos da \u00e1gua que brotaria de seu Cora\u00e7\u00e3o&#8230;quando saiu sangue e \u00e1gua&#8221; (Jo 7,37; 19,35).<\/p>\n<p>Na Idade M\u00e9dia come\u00e7aram a considera-lo como modelo de nosso amor, paciente por nossos pecados, a quem devemos reparar entregando-lhe nosso cora\u00e7\u00e3o (Santas Lutgarda, Matilde, Gertrudes a Grande, Margarita de Cortona, Angela de Foligno, S\u00e3o Boaventura, etc.).<\/p>\n<p>No s\u00e9culo XVII estava muito expandida esta devo\u00e7\u00e3o. S\u00e3o Jo\u00e3o Eudes, j\u00e1 em 1670, introduziu a primeira festa p\u00fablica do Sagrado Cora\u00e7\u00e3o. Em 1673, Santa Margarida Maria de Alocoque come\u00e7ou a ter uma s\u00e9rie de revela\u00e7\u00f5es que a levaram \u00e0 santidade e ao impulso de formar uma equipe de ap\u00f3stolos desta devo\u00e7\u00e3o. Com seu zelo conseguiram um enorme impacto na Igreja.<\/p>\n<p>Foram divulgados in\u00fameros livros e imagens. Muitas congrega\u00e7\u00f5es religiosas e v\u00e1rios institutos seculares foram fundados para estender seu culto de mil formas. O apostolado da Ora\u00e7\u00e3o, que pretende conseguir nossa santifica\u00e7\u00e3o pessoal e a salva\u00e7\u00e3o do mundo mediante esta devo\u00e7\u00e3o, contava j\u00e1 em 1917 com 20 milh\u00f5es de associados. E em 1960 chegava ao dobro em todo o mundo, passando de um milh\u00e3o na Espanha; suas 200 revistas tinham 15 milh\u00f5es de inscri\u00e7\u00f5es.<\/p>\n<p>Depois de v\u00e1rias crises e oposi\u00e7\u00f5es, em 1856 Pio IX estendeu sua festa a toda a Igreja. Em 1899 Le\u00e3o XIII consagrou o mundo ao Sagrado Cora\u00e7\u00e3o de Jesus (o Equador tinha se consagrado em 1874). E a Espanha em 1919, em 30 de maio, tamb\u00e9m se consagrou publicamente ao Sagrado Cora\u00e7\u00e3o no Monte dos Anjos. Onde foi gravado, sob a est\u00e1tua de Cristo, aquela promessa que fez ao pai Bernardo de Hoyos, S. J., em 14 de maio de 1733, mostrando-lhe seu Cora\u00e7\u00e3o, em Valladolid (Santu\u00e1rio da Grande Promessa), e dizendo-lhe: &#8220;Reinarei na Espanha com mais Venera\u00e7\u00e3o que em muitas outras partes&#8221; (At\u00e9 ent\u00e3o parte da Am\u00e9rica tamb\u00e9m era Espanha).<\/p>\n<p>A import\u00e2ncia que a Igreja concede atualmente ao Sagrado Cora\u00e7\u00e3o, esta sublinhada pela categoria de sua festa, solenidade de primeira classe, das quais h\u00e1 somente 14 ao ano no calend\u00e1rio universal. Al\u00e9m disso, a festa de Cristo Rei, tamb\u00e9m solenidade de primeira classe, est\u00e1 estreitamente unida \u00e0 espiritualidade do Sagrado Cora\u00e7\u00e3o. Pio XI declarou ao institu\u00ed-la que precisamente a Cristo \u00e9 reconhecido como Rei, por fam\u00edlias, cidades e na\u00e7\u00f5es, mediante a consagra\u00e7\u00e3o a seu Cora\u00e7\u00e3o. E determinou que em tal festa fosse renovado todos os anos a consagra\u00e7\u00e3o do mundo ao Cora\u00e7\u00e3o de Cristo.<\/p>\n<p>Toda esta atitude lit\u00fargica da Igreja tem a finalidade de estimular nossa pr\u00e1tica crist\u00e3 pondo especial interesse em celebrar sua festa: comungando, assimilando seus ensinamentos, utilizando as ora\u00e7\u00f5es lit\u00fargicas, a consagra\u00e7\u00e3o, etc. Como dizia Pio XI na enc\u00edclica Quas primas: &#8220;As celebra\u00e7\u00f5es anuais da liturgia t\u00eam uma efic\u00e1cia maior que os solenes documentos dos magist\u00e9rios para formar ao povo nas coisas da f\u00e9&#8221;.<\/p>\n<p>A reflex\u00e3o sobre o Cora\u00e7\u00e3o de Jesus existe desde os primeiros tempos da Igreja, desde que se meditava no lado e no Cora\u00e7\u00e3o aberto de Jesus, de onde saiu sangue e \u00e1gua. Desse Cora\u00e7\u00e3o nasceu a Igreja e por esse Cora\u00e7\u00e3o foram abertas as portas do C\u00e9u.<\/p>\n<p>Deixar-se amar pelo Senhor com ternura \u00e9 dif\u00edcil, mas \u00e9 o que se deve pedir a Deus. Este foi o convite lan\u00e7ado pelo Papa Francisco na Missa celebrada na Casa Santa Marta. \u201cEsses dois crit\u00e9rios s\u00e3o como os pilares do verdadeiro amor de Deus. Ele conhece suas ovelhas uma a uma, porque n\u00e3o se trata de um amor abstrato, mas que se manifesta por cada um de n\u00f3s\u201d, disse. \u201cTernura! O Senhor nos ama com ternura. O Senhor conhece aquela bela ci\u00eancia dos carinhos, a ternura&#8230;. Ele se aproxima e nos d\u00e1 o amor com ternura. Proximidade e ternura! E este \u00e9 um amor forte, porque nos faz ver a fortaleza do amor de Deus\u201d. Francisco explicou ainda que este amor deve fazer-se pr\u00f3ximo do outro, deve ser como o do bom samaritano. Ele concluiu dizendo que mais dif\u00edcil que amar a Deus \u00e9 deixar-se amar por Ele e que a maneira de retribuir tanto amor \u00e9 abrir o cora\u00e7\u00e3o e deixar-se amar. \u201cDeixar que Ele se fa\u00e7a pr\u00f3ximo a n\u00f3s, deixar que ele nos acaricie. \u00c9 t\u00e3o dif\u00edcil deixar-nos amar por Ele. Talvez isso \u00e9 o que devemos pedir hoje na Missa: \u2018Senhor, eu quero am\u00e1-Lo, mas me ensine a dif\u00edcil ci\u00eancia, o dif\u00edcil h\u00e1bito de deixar-nos amar, de senti-Lo pr\u00f3ximo e terno!\u2019. Que o Senhor no d\u00ea esta gra\u00e7a!\u201d. Com isso queremos tamb\u00e9m difundir esse amor. (<a href=\"https:\/\/noticias.cancaonova.com\/especiais\/pontificado\/francisco\/abrir-o-coracao-e-deixar-se-amar-por-deus-convida-papa-em-missa\/\">https:\/\/noticias.cancaonova.com\/especiais\/pontificado\/francisco\/abrir-o-coracao-e-deixar-se-amar-por-deus-convida-papa-em-missa\/<\/a>, \u00faltimo acesso em 05 de junho de 2018).<\/p>\n<p>Este dia, a pedido do Santo Padre o Papa Jo\u00e3o Paulo II, tornou-se tamb\u00e9m o dia mundial de ora\u00e7\u00e3o pela santifica\u00e7\u00e3o dos sacerdotes. \u00c9 o dia do povo de Deus pedir essa gra\u00e7a ao Senhor. Quanto mais santos os nossos sacerdotes, mais o povo tamb\u00e9m caminha na santidade.<\/p>\n<p>Que todos n\u00f3s, contemplando o Sagrado Cora\u00e7\u00e3o de Jesus sejamos mais ternos e misericordiosos, testemunhando o Ressuscitado, e construindo pontes de solidariedade e de paz!<\/p>\n<p>Sagrado Cora\u00e7\u00e3o de Jesus, temos confian\u00e7a em v\u00f3s!<\/p>\n","protected":false},"excerpt":{"rendered":"<p>A devo\u00e7\u00e3o ao Sagrado Cora\u00e7\u00e3o \u00e9 uma das piedades mais difundidas e mais amada pelos fi\u00e9is.\u00a0\u00a0 A express\u00e3o \u201cCora\u00e7\u00e3o de Cristo\u201d nos remete \u00e0 totalidade de seu ser, Verbo encarnado para a salva\u00e7\u00e3o de toda a humanidade. Esta piedade popular tem a sua fundamenta\u00e7\u00e3o na Sagrada Escritura. Jesus, em seu Evangelho, convida os disc\u00edpulos a [&hellip;]<\/p>\n","protected":false},"author":1,"featured_media":32777,"comment_status":"open","ping_status":"closed","sticky":false,"template":"","format":"standard","meta":{"footnotes":""},"categories":[9],"tags":[],"class_list":["post-41373","post","type-post","status-publish","format-standard","has-post-thumbnail","hentry","category-artigos"],"_links":{"self":[{"href":"https:\/\/catolicanet.net\/wp-cnet\/wp-json\/wp\/v2\/posts\/41373","targetHints":{"allow":["GET"]}}],"collection":[{"href":"https:\/\/catolicanet.net\/wp-cnet\/wp-json\/wp\/v2\/posts"}],"about":[{"href":"https:\/\/catolicanet.net\/wp-cnet\/wp-json\/wp\/v2\/types\/post"}],"author":[{"embeddable":true,"href":"https:\/\/catolicanet.net\/wp-cnet\/wp-json\/wp\/v2\/users\/1"}],"replies":[{"embeddable":true,"href":"https:\/\/catolicanet.net\/wp-cnet\/wp-json\/wp\/v2\/comments?post=41373"}],"version-history":[{"count":1,"href":"https:\/\/catolicanet.net\/wp-cnet\/wp-json\/wp\/v2\/posts\/41373\/revisions"}],"predecessor-version":[{"id":41374,"href":"https:\/\/catolicanet.net\/wp-cnet\/wp-json\/wp\/v2\/posts\/41373\/revisions\/41374"}],"wp:featuredmedia":[{"embeddable":true,"href":"https:\/\/catolicanet.net\/wp-cnet\/wp-json\/wp\/v2\/media\/32777"}],"wp:attachment":[{"href":"https:\/\/catolicanet.net\/wp-cnet\/wp-json\/wp\/v2\/media?parent=41373"}],"wp:term":[{"taxonomy":"category","embeddable":true,"href":"https:\/\/catolicanet.net\/wp-cnet\/wp-json\/wp\/v2\/categories?post=41373"},{"taxonomy":"post_tag","embeddable":true,"href":"https:\/\/catolicanet.net\/wp-cnet\/wp-json\/wp\/v2\/tags?post=41373"}],"curies":[{"name":"wp","href":"https:\/\/api.w.org\/{rel}","templated":true}]}}