{"id":41334,"date":"2018-06-07T14:22:51","date_gmt":"2018-06-07T17:22:51","guid":{"rendered":"http:\/\/catolicanet.net\/wp-cnet\/?p=41334"},"modified":"2018-06-07T14:22:51","modified_gmt":"2018-06-07T17:22:51","slug":"patriarca-bartolomeu-i-resposta-unica-a-crise-ecologica","status":"publish","type":"post","link":"https:\/\/catolicanet.net\/wp-cnet\/patriarca-bartolomeu-i-resposta-unica-a-crise-ecologica\/","title":{"rendered":"Patriarca Bartolomeu I: resposta \u00fanica \u00e0 crise ecol\u00f3gica"},"content":{"rendered":"<div class=\"article__subTitle\">Segundo Bartolomeu I, \u201ca nossa resposta exige a converg\u00eancia e o impulso comum das religi\u00f5es, da ci\u00eancia e da tecnologia, de todos os setores e organiza\u00e7\u00f5es sociais, bem como de todas as pessoas de boa vontade.<\/div>\n<div class=\"title__separator\"><\/div>\n<div class=\"article__text\">\n<p><b>Cidade do Vaticano<\/b><\/p>\n<p>Realiza-se em Atenas, na Gr\u00e9cia, at\u00e9 a pr\u00f3xima sexta-feira (08\/06), o simp\u00f3sio ecol\u00f3gico internacional \u201cRumo a uma \u00c1tica mais verde: preservar o Planeta e proteger seus habitantes\u201d.<\/p>\n<p>O Patriarca Ecum\u00eanico de Constantinopla, Bartolomeu I,\u00a0que participa do encontro, proferiu um discurso intitulado \u201cPor uma resposta \u00fanica \u00e0 crise ecol\u00f3gica\u201d.<\/p>\n<p>\u201cA crise ecol\u00f3gica revelou que o nosso mundo \u00e9 um todo \u00fanico, que os nossos problemas s\u00e3o universalmente partilhados. Isto significa que nenhuma iniciativa ou institui\u00e7\u00e3o, nenhuma na\u00e7\u00e3o ou sociedade, e nem mesmo a ci\u00eancia ou tecnologia, est\u00e3o em condi\u00e7\u00f5es de responder sozinhas \u00e0 crise, sem trabalhar em conjunto\u201d, ressaltou o patriarca.<\/p>\n<h2><b>Necess\u00e1rio um modelo de coopera\u00e7\u00e3o\u00a0<\/b><\/h2>\n<p>Segundo Bartolomeu I, \u201ca nossa resposta exige a converg\u00eancia e o impulso comum das religi\u00f5es, da ci\u00eancia e da tecnologia, de todos os setores e organiza\u00e7\u00f5es sociais, bem como de todas as pessoas de boa vontade. \u00c9 necess\u00e1rio um modelo de coopera\u00e7\u00e3o e n\u00e3o um m\u00e9todo de competi\u00e7\u00e3o. Devemos trabalhar de forma colaborativa, complementar. Infelizmente, estamos vendo, hoje, interesses econ\u00f4micos e modelos geopol\u00edticos que trabalham contra essa colabora\u00e7\u00e3o no campo da prote\u00e7\u00e3o ambiental\u201d.<\/p>\n<p>O Patriarca recordou \u201cque a mudan\u00e7a clim\u00e1tica \u00e9 um quest\u00e3o que est\u00e1 estritamente ligada ao nosso modelo de desenvolvimento econ\u00f4mico atual. Uma economia que ignora os seres humanos e as necessidades humanas leva inevitavelmente \u00e0 explora\u00e7\u00e3o do ambiente natural\u201d.<\/p>\n<h2><b>\u00a0Interconex\u00e3o entre problemas sociais e ambientais<\/b><\/h2>\n<p>\u201cDesde o in\u00edcio, sublinhamos a interconex\u00e3o entre problemas sociais e ambientais, bem como a necessidade de enfrent\u00e1-los em conjunto e em colabora\u00e7\u00e3o. Preservar e proteger o ambiente natural, assim como respeitar e servir outros seres humanos, s\u00e3o duas faces da mesma moeda. As consequ\u00eancias da crise ecol\u00f3gica, \u00a0que afetam em primeiro lugar e sobretudo as pessoas social e economicamente vulner\u00e1veis, constituem uma s\u00e9ria amea\u00e7a para a \u00a0coes\u00e3o social e a integra\u00e7\u00e3o.\u201d<\/p>\n<p>\u201cAl\u00e9m disso, h\u00e1 uma estreita liga\u00e7\u00e3o entre cuidar da cria\u00e7\u00e3o e adorar o Criador, entre uma economia para os pobres e uma ecologia para o Planeta. Quando ferimos as pessoas, danificamos a Terra. Portanto, a nossa gan\u00e2ncia extrema e o nosso desperd\u00edcio excessivo n\u00e3o s\u00e3o apenas inaceit\u00e1veis do ponto de vista econ\u00f4mico. Eles tamb\u00e9m s\u00e3o insustent\u00e1veis do ponto de vista ecol\u00f3gico\u201d, afirmou Bartolomeu I.<\/p>\n<h2><b>Preserva\u00e7\u00e3o<\/b><\/h2>\n<p>\u201cTodos n\u00f3s somos chamados a nos questionar, mas tamb\u00e9m a mudar, a maneira como consumimos, a fim de aprender como conservar para o bem do nosso Planeta e o benef\u00edcio de seus habitantes.\u201d<\/p>\n<p>\u201cQuando preservamos, reconhecemos que devemos servir uns aos outros. Preservar implica compartilhar a nossa preocupa\u00e7\u00e3o com a terra e seus habitantes. Indica a capacidade de ver no pr\u00f3ximo, em todas as pessoas, o rosto de todo ser humano e, por fim, o rosto de Deus\u201d, concluiu o patriarca ecum\u00eanico.<\/p>\n<\/div>\n<p>Fonte: R\u00e1dio Vaticano<\/p>\n","protected":false},"excerpt":{"rendered":"<p>Segundo Bartolomeu I, \u201ca nossa resposta exige a converg\u00eancia e o impulso comum das religi\u00f5es, da ci\u00eancia e da tecnologia, de todos os setores e organiza\u00e7\u00f5es sociais, bem como de todas as pessoas de boa vontade. Cidade do Vaticano Realiza-se em Atenas, na Gr\u00e9cia, at\u00e9 a pr\u00f3xima sexta-feira (08\/06), o simp\u00f3sio ecol\u00f3gico internacional \u201cRumo a [&hellip;]<\/p>\n","protected":false},"author":1,"featured_media":41335,"comment_status":"open","ping_status":"closed","sticky":false,"template":"","format":"standard","meta":{"footnotes":""},"categories":[3],"tags":[],"class_list":["post-41334","post","type-post","status-publish","format-standard","has-post-thumbnail","hentry","category-vaticano"],"_links":{"self":[{"href":"https:\/\/catolicanet.net\/wp-cnet\/wp-json\/wp\/v2\/posts\/41334","targetHints":{"allow":["GET"]}}],"collection":[{"href":"https:\/\/catolicanet.net\/wp-cnet\/wp-json\/wp\/v2\/posts"}],"about":[{"href":"https:\/\/catolicanet.net\/wp-cnet\/wp-json\/wp\/v2\/types\/post"}],"author":[{"embeddable":true,"href":"https:\/\/catolicanet.net\/wp-cnet\/wp-json\/wp\/v2\/users\/1"}],"replies":[{"embeddable":true,"href":"https:\/\/catolicanet.net\/wp-cnet\/wp-json\/wp\/v2\/comments?post=41334"}],"version-history":[{"count":1,"href":"https:\/\/catolicanet.net\/wp-cnet\/wp-json\/wp\/v2\/posts\/41334\/revisions"}],"predecessor-version":[{"id":41336,"href":"https:\/\/catolicanet.net\/wp-cnet\/wp-json\/wp\/v2\/posts\/41334\/revisions\/41336"}],"wp:featuredmedia":[{"embeddable":true,"href":"https:\/\/catolicanet.net\/wp-cnet\/wp-json\/wp\/v2\/media\/41335"}],"wp:attachment":[{"href":"https:\/\/catolicanet.net\/wp-cnet\/wp-json\/wp\/v2\/media?parent=41334"}],"wp:term":[{"taxonomy":"category","embeddable":true,"href":"https:\/\/catolicanet.net\/wp-cnet\/wp-json\/wp\/v2\/categories?post=41334"},{"taxonomy":"post_tag","embeddable":true,"href":"https:\/\/catolicanet.net\/wp-cnet\/wp-json\/wp\/v2\/tags?post=41334"}],"curies":[{"name":"wp","href":"https:\/\/api.w.org\/{rel}","templated":true}]}}