{"id":41331,"date":"2018-06-07T13:53:52","date_gmt":"2018-06-07T16:53:52","guid":{"rendered":"http:\/\/catolicanet.net\/wp-cnet\/?p=41331"},"modified":"2018-06-07T13:53:52","modified_gmt":"2018-06-07T16:53:52","slug":"autoridades-procuram-repor-ordem-apos-ataques-de-radicais-islamicos-em-mocambique","status":"publish","type":"post","link":"https:\/\/catolicanet.net\/wp-cnet\/autoridades-procuram-repor-ordem-apos-ataques-de-radicais-islamicos-em-mocambique\/","title":{"rendered":"Autoridades procuram repor ordem ap\u00f3s ataques de radicais isl\u00e2micos em Mo\u00e7ambique"},"content":{"rendered":"<p>REDA\u00c7\u00c3O CENTRAL, 07 Jun. 18 \/ 10:00 am (ACI).- Em Mo\u00e7ambique, 10 pessoas, entre as quais mulheres e duas crian\u00e7as, foram decapitadas por um grupo que, segundo indicam fontes da Associa\u00e7\u00e3o Ajuda \u00e0 Igreja que Sofre, estaria ligado a extremistas isl\u00e2micos.<\/p>\n<p>Os ataques ocorreram essencialmente no dia 26 de maio, no povoado de Olumbi, a cerca de 45 quil\u00f4metros da vila de Palma, sede de distrito. Segundo TVM, as dez pessoas foram sequestradas e posteriormente decapitadas por membros de um grupo armado com fortes liga\u00e7\u00f5es a radicais isl\u00e2micos.<\/p>\n<p>Ap\u00f3s este fato, a atua\u00e7\u00e3o da pol\u00edcia e do ex\u00e9rcito, no \u00faltimo fim de semana, resultou em 8 mortos e um n\u00famero indeterminado de detidos, informa a Funda\u00e7\u00e3o Pontif\u00edcia Ajuda \u00e0 Igreja que Sofre (ACN) Portugal.<\/p>\n<p>Al\u00e9m disso, na segunda-feira, 4 de junho, um grupo armado com catanas assassinou pelo menos sete pessoas e feriu quatro, na localidade de Macomia, na prov\u00edncia de Cabo Delgado. Trata-se, conforme pontua a R\u00e1dio Renascen\u00e7a, de uma \u201czona onde t\u00eam sido relatados ataques levados a cabo por radicais isl\u00e2micos\u201d.<\/p>\n<p>Diante desses casos de viol\u00eancia, o ministro da Ind\u00fastria e Com\u00e9rcio de Mo\u00e7ambique, Ragendra de Sousa, admitiu \u00e0 ag\u00eancia Lusa que o governo \u201cn\u00e3o tem controle total\u201d sobre os movimentos religiosos estrangeiros que t\u00eam conduzido ataques armados no norte do pa\u00eds.<\/p>\n<p>\u201cO governo embarcou de forma s\u00e9ria na procura da paz duradoura, mas os movimentos de v\u00e1rios car\u00e1cteres e origens n\u00e3o est\u00e3o sob controle total de Mo\u00e7ambique, encontr\u00e1mos movimentos de cariz religioso que, de fato, n\u00e3o t\u00eam origem em Mo\u00e7ambique\u201d, declarou \u00e0 Lusa.<\/p>\n<p>O ministro afirmou que este problema n\u00e3o deve ser resolvido \u201cs\u00f3 pela vida da for\u00e7a\u201d, mas \u00e9 preciso \u201cir para aquela regi\u00e3o com programas econ\u00f4micos, empregar a juventude e aumentar a produ\u00e7\u00e3o\u201d.<\/p>\n<p>Estudo recente citado pela Funda\u00e7\u00e3o ACN indica que esses grupos \u201cusam o radicalismo isl\u00e2mico para atrair seguidores, aos quais pagam rendimentos acima da m\u00e9dia, financiados por rotas de com\u00e9rcio ilegal de madeira, rubis, carv\u00e3o e marfim, daquela regi\u00e3o para o estrangeiro\u201d.<\/p>\n<p>O estudo foi divulgado pela ag\u00eancia de not\u00edcias alem\u00e3 \u2018DW\u2019 e afirma que estes grupos \u201cincluem membros de movimentos radicais que t\u00eam sido perseguidos a norte pelas autoridades do Qu\u00eania e da Tanz\u00e2nia\u201d, e que alguns elementos teriam \u201csido treinados por mil\u00edcias da regi\u00e3o dos Grandes Lagos, que, por sua vez, tamb\u00e9m t\u00eam liga\u00e7\u00f5es ao grupo terrorista Al-Shabaab, na Som\u00e1lia\u201d.<\/p>\n<p>Estes ataques, acrescenta \u2018DW\u2019, \u201csurgiram numa altura em que est\u00e3o a avan\u00e7ar os investimentos no terreno para explora\u00e7\u00e3o de g\u00e1s natural em Cabo Delgado, prevendo-se que a produ\u00e7\u00e3o arranque dentro de cinco a seis anos, no mar e em terra, com o envolvimento de algumas das grandes petrol\u00edferas mundiais\u201d.<\/p>\n<p>Esses ataques no norte de Mo\u00e7ambique come\u00e7aram a ser registrados em outubro do ano passado, quando um grupo de homens armados atacou a localidade de Moc\u00edmboa da Praia, deixando um rastro de morte e destrui\u00e7\u00e3o. Somente ao fim de alguns dias \u00e9 que as autoridades mo\u00e7ambicanas conseguiram recuperar o controle da regi\u00e3o.<\/p>\n<p>Segundo a ACN, as autoridades n\u00e3o descartam que estes atos de terror possam estar sendo executados ou de alguma forma apoiados por grupos extremistas com liga\u00e7\u00f5es \u00e0 Som\u00e1lia onde atua o Al-Shabaab, o que poder\u00e1 ser tamb\u00e9m uma consequ\u00eancia da onda de refugiados deste pa\u00eds que, nos \u00faltimos anos, tem seguido para Mo\u00e7ambique.<\/p>\n<p>&nbsp;<\/p>\n<p>Fonte: Acidigital<\/p>\n","protected":false},"excerpt":{"rendered":"<p>REDA\u00c7\u00c3O CENTRAL, 07 Jun. 18 \/ 10:00 am (ACI).- Em Mo\u00e7ambique, 10 pessoas, entre as quais mulheres e duas crian\u00e7as, foram decapitadas por um grupo que, segundo indicam fontes da Associa\u00e7\u00e3o Ajuda \u00e0 Igreja que Sofre, estaria ligado a extremistas isl\u00e2micos. Os ataques ocorreram essencialmente no dia 26 de maio, no povoado de Olumbi, a [&hellip;]<\/p>\n","protected":false},"author":1,"featured_media":41332,"comment_status":"open","ping_status":"closed","sticky":false,"template":"","format":"standard","meta":{"footnotes":""},"categories":[13],"tags":[],"class_list":["post-41331","post","type-post","status-publish","format-standard","has-post-thumbnail","hentry","category-featured"],"_links":{"self":[{"href":"https:\/\/catolicanet.net\/wp-cnet\/wp-json\/wp\/v2\/posts\/41331","targetHints":{"allow":["GET"]}}],"collection":[{"href":"https:\/\/catolicanet.net\/wp-cnet\/wp-json\/wp\/v2\/posts"}],"about":[{"href":"https:\/\/catolicanet.net\/wp-cnet\/wp-json\/wp\/v2\/types\/post"}],"author":[{"embeddable":true,"href":"https:\/\/catolicanet.net\/wp-cnet\/wp-json\/wp\/v2\/users\/1"}],"replies":[{"embeddable":true,"href":"https:\/\/catolicanet.net\/wp-cnet\/wp-json\/wp\/v2\/comments?post=41331"}],"version-history":[{"count":1,"href":"https:\/\/catolicanet.net\/wp-cnet\/wp-json\/wp\/v2\/posts\/41331\/revisions"}],"predecessor-version":[{"id":41333,"href":"https:\/\/catolicanet.net\/wp-cnet\/wp-json\/wp\/v2\/posts\/41331\/revisions\/41333"}],"wp:featuredmedia":[{"embeddable":true,"href":"https:\/\/catolicanet.net\/wp-cnet\/wp-json\/wp\/v2\/media\/41332"}],"wp:attachment":[{"href":"https:\/\/catolicanet.net\/wp-cnet\/wp-json\/wp\/v2\/media?parent=41331"}],"wp:term":[{"taxonomy":"category","embeddable":true,"href":"https:\/\/catolicanet.net\/wp-cnet\/wp-json\/wp\/v2\/categories?post=41331"},{"taxonomy":"post_tag","embeddable":true,"href":"https:\/\/catolicanet.net\/wp-cnet\/wp-json\/wp\/v2\/tags?post=41331"}],"curies":[{"name":"wp","href":"https:\/\/api.w.org\/{rel}","templated":true}]}}