{"id":4131,"date":"2014-01-31T12:42:25","date_gmt":"2014-01-31T14:42:25","guid":{"rendered":"http:\/\/catolicanet.net\/wp-cnet\/qpensem-no-bem-das-criancas-e-dos-jovensq-pede-francisco-aos-membros-da-congregacao-para-a-doutrina-da-fe\/"},"modified":"2017-04-04T10:18:17","modified_gmt":"2017-04-04T13:18:17","slug":"qpensem-no-bem-das-criancas-e-dos-jovensq-pede-francisco-aos-membros-da-congregacao-para-a-doutrina-da-fe","status":"publish","type":"post","link":"https:\/\/catolicanet.net\/wp-cnet\/qpensem-no-bem-das-criancas-e-dos-jovensq-pede-francisco-aos-membros-da-congregacao-para-a-doutrina-da-fe\/","title":{"rendered":"&#8220;Pensem no bem das crian\u00e7as e dos jovens&#8221;, pede Francisco aos membros da Congrega\u00e7\u00e3o para a Doutrina da F\u00e9"},"content":{"rendered":"<p style=\"text-align: justify;\"><img decoding=\"async\" src=\"http:\/\/www.catolicanet.com.br\/images\/stories\/papafranciscosentado.jpg\" border=\"0\" align=\"left\" \/>O Papa Francisco recebeu em audi\u00eancia esta manh\u00e3, na Sala Clementina, os membros da Congrega\u00e7\u00e3o para a Doutrina da F\u00e9, no encerramento de sua Assembleia Plen\u00e1ria.<\/p>\n<p>Em seu discurso, o Pont\u00edfice recordou a fun\u00e7\u00e3o desse dicast\u00e9rio, que \u00e9 \u201cpromover e tutelar a doutrina sobre a f\u00e9 e os costumes em todo o mundo cat\u00f3lico (Constit. ap. Pastor bonus, 48)\u201d. Todavia, observou, desde os primeiros tempos da Igreja existe a tenta\u00e7\u00e3o de entender a doutrina num sentido ideol\u00f3gico ou de reduzi-la a um conjunto de teorias abstratas e cristalizadas. Na realidade, a doutrina tem como \u00fanico fim servir a vida do Povo de Deus e garantir \u00e0 nossa f\u00e9 um fundamento seguro. \u201cDe fato, \u00e9 grande a tenta\u00e7\u00e3o de nos apropriar dos dons da salva\u00e7\u00e3o que vem de Deus, para domestic\u00e1-los \u2013 talvez com boas inten\u00e7\u00f5es \u2013 \u00e0s vis\u00f5es e ao esp\u00edrito do mundo. E esta \u00e9 uma tenta\u00e7\u00e3o que se repete continuamente.\u201d<\/p>\n<p>Para o Pont\u00edfice, zelar pela integridade da f\u00e9 \u00e9 uma tarefa muito delicada, que deve ser feita sempre em colabora\u00e7\u00e3o com os Pastores locais e com as Comiss\u00f5es Doutrinais das Confer\u00eancias Episcopais. \u201cIsso \u00e9 importante para salvaguardar o direito de todo o Povo de Deus a receber o dep\u00f3sito da f\u00e9 na sua pureza e na sua integralidade.\u201d Por isso, Francisco pediu aos membros da Congrega\u00e7\u00e3o que mantenham uma atitude de di\u00e1logo e colegialidade para que a luz da nossa f\u00e9 brilhe sempre mais diante do mundo.<\/p>\n<p>A seguir, o Papa mencionou o tema em debate na Plen\u00e1ria, que foi a rela\u00e7\u00e3o entre f\u00e9 e o Sacramento do matrim\u00f4nio. \u201cTrata-se de uma reflex\u00e3o de grande relev\u00e2ncia\u201d, destacou o Pont\u00edfice, recordando que j\u00e1 Bento XVI havia formulado a necessidade de se interrogar mais profundamente acerca da rela\u00e7\u00e3o entre f\u00e9 pessoal e celebra\u00e7\u00e3o do Sacramento do matrim\u00f4nio, sobretudo no atual contexto cultural.<\/p>\n<p>Por fim, Francisco agradeceu aos membros da Congrega\u00e7\u00e3o para a Doutrina da F\u00e9 pelo empenho em tratar dos chamados delitos mais graves, em especial dos casos de abuso sexual de menores por parte de cl\u00e9rigos. \u201cPensem no bem das crian\u00e7as e dos jovens, que na comunidade crist\u00e3 sempre devem ser protegidos e amparados em seu crescimento humano e espiritual.\u201d<\/p>\n<p>Neste sentido, o Papa anunciou que se estuda a possibilidade de que a Comiss\u00e3o para a prote\u00e7\u00e3o dos menores que ele criou colabore com a Congrega\u00e7\u00e3o para a Doutrina da F\u00e9.<\/p>\n<p style=\"text-align: justify;\">\u00a0<\/p>\n<p style=\"text-align: justify;\"><strong>Local: Cidade do Vaticano<br \/>Fonte: R\u00e1dio Vaticano<\/strong><\/p>\n","protected":false},"excerpt":{"rendered":"<p>O Papa Francisco recebeu em audi\u00eancia esta manh\u00e3, na Sala Clementina, os membros da Congrega\u00e7\u00e3o para a Doutrina da F\u00e9, no encerramento de sua Assembleia Plen\u00e1ria. Em seu discurso, o Pont\u00edfice recordou a fun\u00e7\u00e3o desse dicast\u00e9rio, que \u00e9 \u201cpromover e tutelar a doutrina sobre a f\u00e9 e os costumes em todo o mundo cat\u00f3lico (Constit. [&hellip;]<\/p>\n","protected":false},"author":1,"featured_media":4130,"comment_status":"closed","ping_status":"closed","sticky":false,"template":"","format":"standard","meta":{"footnotes":""},"categories":[3],"tags":[],"class_list":["post-4131","post","type-post","status-publish","format-standard","has-post-thumbnail","hentry","category-vaticano"],"_links":{"self":[{"href":"https:\/\/catolicanet.net\/wp-cnet\/wp-json\/wp\/v2\/posts\/4131","targetHints":{"allow":["GET"]}}],"collection":[{"href":"https:\/\/catolicanet.net\/wp-cnet\/wp-json\/wp\/v2\/posts"}],"about":[{"href":"https:\/\/catolicanet.net\/wp-cnet\/wp-json\/wp\/v2\/types\/post"}],"author":[{"embeddable":true,"href":"https:\/\/catolicanet.net\/wp-cnet\/wp-json\/wp\/v2\/users\/1"}],"replies":[{"embeddable":true,"href":"https:\/\/catolicanet.net\/wp-cnet\/wp-json\/wp\/v2\/comments?post=4131"}],"version-history":[{"count":1,"href":"https:\/\/catolicanet.net\/wp-cnet\/wp-json\/wp\/v2\/posts\/4131\/revisions"}],"predecessor-version":[{"id":8920,"href":"https:\/\/catolicanet.net\/wp-cnet\/wp-json\/wp\/v2\/posts\/4131\/revisions\/8920"}],"wp:featuredmedia":[{"embeddable":true,"href":"https:\/\/catolicanet.net\/wp-cnet\/wp-json\/wp\/v2\/media\/4130"}],"wp:attachment":[{"href":"https:\/\/catolicanet.net\/wp-cnet\/wp-json\/wp\/v2\/media?parent=4131"}],"wp:term":[{"taxonomy":"category","embeddable":true,"href":"https:\/\/catolicanet.net\/wp-cnet\/wp-json\/wp\/v2\/categories?post=4131"},{"taxonomy":"post_tag","embeddable":true,"href":"https:\/\/catolicanet.net\/wp-cnet\/wp-json\/wp\/v2\/tags?post=4131"}],"curies":[{"name":"wp","href":"https:\/\/api.w.org\/{rel}","templated":true}]}}