{"id":41303,"date":"2018-06-06T14:02:24","date_gmt":"2018-06-06T17:02:24","guid":{"rendered":"http:\/\/catolicanet.net\/wp-cnet\/?p=41303"},"modified":"2018-06-06T14:04:15","modified_gmt":"2018-06-06T17:04:15","slug":"todos-tem-a-responsabilidade-de-gerir-o-meio-ambiente","status":"publish","type":"post","link":"https:\/\/catolicanet.net\/wp-cnet\/todos-tem-a-responsabilidade-de-gerir-o-meio-ambiente\/","title":{"rendered":"Todos t\u00eam a responsabilidade de gerir o meio ambiente"},"content":{"rendered":"<p><em>* Angela Maria Cabel Garcia <\/em><\/p>\n<p>&nbsp;<\/p>\n<p>A preocupa\u00e7\u00e3o com a preserva\u00e7\u00e3o e conserva\u00e7\u00e3o ambiental vem ganhando destaque nos \u00faltimos anos, principalmente, devido aos impactos que o uso irrespons\u00e1vel dos recursos naturais tem causado nos diferentes aspectos da sociedade como a economia, pol\u00edtica, sa\u00fade e qualidade de vida.<\/p>\n<p>&nbsp;<\/p>\n<p>Todos n\u00f3s sabemos que a situa\u00e7\u00e3o \u00e9 s\u00e9ria e que precisamos de uma mudan\u00e7a global. Por\u00e9m, corremos o risco de n\u00e3o identificar a responsabilidade que cabe a cada um de n\u00f3s. \u00c9 preciso admitir de forma pessoal que tudo o que hoje podemos observar e qualificar como desastre ambiental, perda \u00a0de biodiversidade, contamina\u00e7\u00e3o de \u00e1gua, solo e ar, tem um pouco da nossa contribui\u00e7\u00e3o.<\/p>\n<p>&nbsp;<\/p>\n<p>O Papa Paulo VI, quando se referia \u00e0 problem\u00e1tica ecol\u00f3gica, falava de uma crise, consequ\u00eancia da \u201catividade descontrolada\u201d do ser humano. E quem n\u00e3o vive hoje uma tend\u00eancia para esse consumismo? Infelizmente somos contagiados sutilmente, quando consumimos produtos \u00a0sem necessidade, levados pela agita\u00e7\u00e3o e press\u00e3o do dia a dia e, como consequ\u00eancia disso, aumentamos a gera\u00e7\u00e3o de res\u00edduos e emiss\u00f5es atmosf\u00e9ricas, e diminuem-se as reservas dos recursos naturais, muitas vezes n\u00e3o renov\u00e1veis.<\/p>\n<p>&nbsp;<\/p>\n<p>Somos livres, sim, temos liberdade para consumir, por\u00e9m a obsess\u00e3o pelo consumo faz de n\u00f3s seres ego\u00edstas interessados unicamente nas nossas necessidades, sem olhar para o efeito que as nossas a\u00e7\u00f5es podem causar na vida das outras pessoas.<\/p>\n<p>&nbsp;<\/p>\n<p>Dessa forma, a problem\u00e1tica ambiental tem no fundo uma crise social, porque \u201ctodos os progressos cient\u00edficos por mais extraordin\u00e1rios que sejam, se n\u00e3o estiverem unidos a um progresso social e moral, voltam-se, necessariamente, contra o homem\u201d (Paulo VI, discurso \u00e0 FAO em novembro de 1970).<\/p>\n<p>&nbsp;<\/p>\n<p>A enc\u00edclica Laudato Si, do Papa Francisco, nos alerta claramente sobre essa realidade, explicando o princ\u00edpio do bem comum e a responsabilidade humana. S\u00e3o atitudes simples, mas que se formos fi\u00e9is em aplic\u00e1-las dia a dia, ter\u00e3o um grande efeito. Como o consumo correto da \u00e1gua, \u00a0um recurso indispens\u00e1vel para a vida humana e para a sustenta\u00e7\u00e3o dos ecossistemas.<\/p>\n<p>Infelizmente ainda existe o uso inconsciente desse recurso tanto nos pa\u00edses desenvolvidos quanto naqueles subdesenvolvidos, que contam com grandes reservas, principalmente, na Am\u00e9rica Latina. Precisamos cuidar das reservas e da qualidade!<\/p>\n<p>Algumas dicas pr\u00e1ticas para aplicar em casa s\u00e3o: garantir a correta veda\u00e7\u00e3o de torneiras e chuveiros para evitar vazamentos; \u00a0reaproveitar a \u00e1gua da m\u00e1quina de lavar roupa; lavar a lou\u00e7a de uma vez; regar o jardim no hor\u00e1rio certo; acompanhar o consumo indicado no hidr\u00f4metro de casa..<\/p>\n<p>Outros h\u00e1bitos indispens\u00e1veis s\u00e3o: apagar as luzes durante o dia e nos lugares onde n\u00e3o houver pessoas; n\u00e3o deixar os aparelhos nem computadores em <em>stand by<\/em>; usar a m\u00e1quina de lavar s\u00f3 quando ela estiver cheia; \u00a0colocar a geladeira longe do fog\u00e3o e das \u00e1reas mais quentes da cozinha.<\/p>\n<p>Quanto \u00e0 gera\u00e7\u00e3o de res\u00edduos, nossa primeira op\u00e7\u00e3o deveria ser sempre a redu\u00e7\u00e3o. Os aterros sanit\u00e1rios est\u00e3o ficando cada vez mais cheios e ocupando mais espa\u00e7o. Mesmo quando o lixo \u00e9 disposto corretamente, muitas vezes, grande parte dele, que n\u00e3o \u00e9 recolhida, \u00e9 jogada diretamente nos rios e na terra.<\/p>\n<p>Evitemos o uso de material pl\u00e1stico e de papel. Podemos separar os res\u00edduos para facilitar a reciclagem e reaproveitar as coisas antes de jog\u00e1-las fora. Dessa forma, tamb\u00e9m contribu\u00edmos na conserva\u00e7\u00e3o das mat\u00e9rias primas, que s\u00e3o recursos naturais.<\/p>\n<p>Podemos ainda escolher o transporte p\u00fablico, utilizar bicicleta ou at\u00e9 fazer uma caminhada nos percursos que n\u00e3o necessitem de ve\u00edculo automotor.<\/p>\n<p>O momento dif\u00edcil que enfrentamos no Brasil precisa nos ajudar a valorizar a riqueza que temos como recurso e nos levar a tomar atitudes diferentes. A humanidade nunca teve tanto poder sobre si mesma como tem hoje. Somos os \u00fanicos com a capacidade para transformar essa realidade!<\/p>\n<p>&nbsp;<\/p>\n<p><em>* <strong>Angela Maria Cabel Garcia<\/strong> \u00e9 mission\u00e1ria da Comunidade Can\u00e7\u00e3o Nova e engenheira ambiental.<\/em><\/p>\n","protected":false},"excerpt":{"rendered":"<p>* Angela Maria Cabel Garcia &nbsp; A preocupa\u00e7\u00e3o com a preserva\u00e7\u00e3o e conserva\u00e7\u00e3o ambiental vem ganhando destaque nos \u00faltimos anos, principalmente, devido aos impactos que o uso irrespons\u00e1vel dos recursos naturais tem causado nos diferentes aspectos da sociedade como a economia, pol\u00edtica, sa\u00fade e qualidade de vida. &nbsp; Todos n\u00f3s sabemos que a situa\u00e7\u00e3o \u00e9 [&hellip;]<\/p>\n","protected":false},"author":1,"featured_media":41305,"comment_status":"open","ping_status":"closed","sticky":false,"template":"","format":"standard","meta":{"footnotes":""},"categories":[9],"tags":[],"class_list":["post-41303","post","type-post","status-publish","format-standard","has-post-thumbnail","hentry","category-artigos"],"_links":{"self":[{"href":"https:\/\/catolicanet.net\/wp-cnet\/wp-json\/wp\/v2\/posts\/41303","targetHints":{"allow":["GET"]}}],"collection":[{"href":"https:\/\/catolicanet.net\/wp-cnet\/wp-json\/wp\/v2\/posts"}],"about":[{"href":"https:\/\/catolicanet.net\/wp-cnet\/wp-json\/wp\/v2\/types\/post"}],"author":[{"embeddable":true,"href":"https:\/\/catolicanet.net\/wp-cnet\/wp-json\/wp\/v2\/users\/1"}],"replies":[{"embeddable":true,"href":"https:\/\/catolicanet.net\/wp-cnet\/wp-json\/wp\/v2\/comments?post=41303"}],"version-history":[{"count":1,"href":"https:\/\/catolicanet.net\/wp-cnet\/wp-json\/wp\/v2\/posts\/41303\/revisions"}],"predecessor-version":[{"id":41304,"href":"https:\/\/catolicanet.net\/wp-cnet\/wp-json\/wp\/v2\/posts\/41303\/revisions\/41304"}],"wp:featuredmedia":[{"embeddable":true,"href":"https:\/\/catolicanet.net\/wp-cnet\/wp-json\/wp\/v2\/media\/41305"}],"wp:attachment":[{"href":"https:\/\/catolicanet.net\/wp-cnet\/wp-json\/wp\/v2\/media?parent=41303"}],"wp:term":[{"taxonomy":"category","embeddable":true,"href":"https:\/\/catolicanet.net\/wp-cnet\/wp-json\/wp\/v2\/categories?post=41303"},{"taxonomy":"post_tag","embeddable":true,"href":"https:\/\/catolicanet.net\/wp-cnet\/wp-json\/wp\/v2\/tags?post=41303"}],"curies":[{"name":"wp","href":"https:\/\/api.w.org\/{rel}","templated":true}]}}