{"id":41297,"date":"2018-06-06T11:01:30","date_gmt":"2018-06-06T14:01:30","guid":{"rendered":"http:\/\/catolicanet.net\/wp-cnet\/?p=41297"},"modified":"2018-06-06T11:01:30","modified_gmt":"2018-06-06T14:01:30","slug":"leste-2-bispos-e-coordenadores-de-pastoral-se-reunem-em-semana-de-estudos","status":"publish","type":"post","link":"https:\/\/catolicanet.net\/wp-cnet\/leste-2-bispos-e-coordenadores-de-pastoral-se-reunem-em-semana-de-estudos\/","title":{"rendered":"Leste 2: bispos e coordenadores de Pastoral se re\u00fanem em semana de estudos"},"content":{"rendered":"<p>Desde a segunda-feira, 4 de junho, at\u00e9 o dia 7, est\u00e1 se realizando em Caet\u00e9 (MG), a assembleia anual do Conselho Episcopal de Pastoral do Regional Leste 2. Em conjunto com esse encontro tamb\u00e9m se realiza o encontro regional dos coordenadores de Pastoral. O encontro est\u00e1 sendo realizado na Casa de Retiro Monsenhor Domingos Evangelista Pinheiro, de propriedade do Instituto S\u00e3o Luis da Congrega\u00e7\u00e3o das Irm\u00e3s Auxiliadoras de Nossa Senhora da Piedade.<\/p>\n<p><strong>Programa\u00e7\u00e3o<\/strong><\/p>\n<p><img loading=\"lazy\" decoding=\"async\" class=\"size-medium wp-image-194916 alignright\" src=\"http:\/\/www.cnbb.org.br\/wp-content\/uploads\/sites\/32\/2018\/06\/leste2-e1528290039446-300x159.jpg\" srcset=\"http:\/\/www.cnbb.org.br\/wp-content\/uploads\/sites\/32\/2018\/06\/leste2-e1528290039446-300x159.jpg 300w, http:\/\/www.cnbb.org.br\/wp-content\/uploads\/sites\/32\/2018\/06\/leste2-e1528290039446.jpg 700w\" alt=\"\" width=\"300\" height=\"159\" \/>Dom Vicente de Paula Ferreira, bispo auxiliar de Belo Horizonte, deu palestra na manh\u00e3 desta ter\u00e7a-feira, 5 de junho, com o tema: \u201cIgreja em sa\u00edda em ano de elei\u00e7\u00f5es\u201d. No estante da manh\u00e3 e da tarde, os bispos e coordenadores ouviram o Dr. Jos\u00e9 Ant\u00f4nio que prosseguiu a reflex\u00e3o do tema\u00a0 refletindo sobre o seguinte questionamento: \u201cquais as crises do sistema eleitoral? A ficha limpa n\u00e3o funciona? V\u00edcios de nosso sistema eleitoral\u201d.<\/p>\n<p>Na quarta-feira, 6 de junho, os participantes acompanham uma reflex\u00e3o sobre a liturgia tendo como cen\u00e1rio as Igrejas Particulares do Regional Leste 2 e os bispos, na parte da tarde, ter\u00e3o reuni\u00f5es reservadas para tratarem temas relacionados ao trabalho do conselho pastoral.<\/p>\n<p>Na quinta-feira, logo depois do caf\u00e9 da manh\u00e3, todos ir\u00e3o para o Santu\u00e1rio de Nossa Senhora da Piedade, padroeira de Minas Gerais, onde participar\u00e3o da celebra\u00e7\u00e3o eucar\u00edstica de encerramento que ser\u00e1 presidida por dom Paulo Mendes Peixoto, arcebispo de Uberaba (MG), tendo concelebrantes principais Dom Jos\u00e9 Carlos de Souza Campos, bispo de Divin\u00f3polis (MG) e dom Joaquim Waldimir Lopes, bispo de Colatina (ES).<\/p>\n<p><strong>Santu\u00e1rio<\/strong><\/p>\n<p>O encontro dos bispos e coordenadores tem seu momento final num santu\u00e1rio bas\u00edlica situado no cora\u00e7\u00e3o de Minas Gerais. Segundo informa\u00e7\u00f5es do seu site oficial, desde 13 de maio de 2010, o santu\u00e1rio est\u00e1 vinculado espiritualmente \u00e0 Bas\u00edlica de Santa Maria Maior em Roma e \u00e9 uma grande alegria para todos os fi\u00e9is poder receber a indulg\u00eancia plen\u00e1ria durante a Confiss\u00e3o Sacramental, a Comunh\u00e3o Eucar\u00edstica, a Ora\u00e7\u00e3o do Senhor (Pai Nosso) e o S\u00edmbolo da F\u00e9 (Credo).<\/p>\n<p>Em 2017, o Santu\u00e1rio Bas\u00edlica Nossa Senhora da Piedade completou 250 anos dessa bonita e profunda religiosidade. Uma data importante que reuniu o povo de Deus em grandes celebra\u00e7\u00f5es. Uma programa\u00e7\u00e3o especial foi realizada naquele ambiente de belezas naturais, ricas hist\u00f3rias e muita f\u00e9: \u201c\u00c9 o lugar de peregrina\u00e7\u00e3o dos pobres, dos devotos, acolhendo todos\u201d.<\/p>\n<p>&nbsp;<\/p>\n<p>Fonte: CNBB<\/p>\n","protected":false},"excerpt":{"rendered":"<p>Desde a segunda-feira, 4 de junho, at\u00e9 o dia 7, est\u00e1 se realizando em Caet\u00e9 (MG), a assembleia anual do Conselho Episcopal de Pastoral do Regional Leste 2. Em conjunto com esse encontro tamb\u00e9m se realiza o encontro regional dos coordenadores de Pastoral. O encontro est\u00e1 sendo realizado na Casa de Retiro Monsenhor Domingos Evangelista [&hellip;]<\/p>\n","protected":false},"author":1,"featured_media":41298,"comment_status":"open","ping_status":"closed","sticky":false,"template":"","format":"standard","meta":{"footnotes":""},"categories":[7],"tags":[],"class_list":["post-41297","post","type-post","status-publish","format-standard","has-post-thumbnail","hentry","category-cnbb"],"_links":{"self":[{"href":"https:\/\/catolicanet.net\/wp-cnet\/wp-json\/wp\/v2\/posts\/41297","targetHints":{"allow":["GET"]}}],"collection":[{"href":"https:\/\/catolicanet.net\/wp-cnet\/wp-json\/wp\/v2\/posts"}],"about":[{"href":"https:\/\/catolicanet.net\/wp-cnet\/wp-json\/wp\/v2\/types\/post"}],"author":[{"embeddable":true,"href":"https:\/\/catolicanet.net\/wp-cnet\/wp-json\/wp\/v2\/users\/1"}],"replies":[{"embeddable":true,"href":"https:\/\/catolicanet.net\/wp-cnet\/wp-json\/wp\/v2\/comments?post=41297"}],"version-history":[{"count":1,"href":"https:\/\/catolicanet.net\/wp-cnet\/wp-json\/wp\/v2\/posts\/41297\/revisions"}],"predecessor-version":[{"id":41299,"href":"https:\/\/catolicanet.net\/wp-cnet\/wp-json\/wp\/v2\/posts\/41297\/revisions\/41299"}],"wp:featuredmedia":[{"embeddable":true,"href":"https:\/\/catolicanet.net\/wp-cnet\/wp-json\/wp\/v2\/media\/41298"}],"wp:attachment":[{"href":"https:\/\/catolicanet.net\/wp-cnet\/wp-json\/wp\/v2\/media?parent=41297"}],"wp:term":[{"taxonomy":"category","embeddable":true,"href":"https:\/\/catolicanet.net\/wp-cnet\/wp-json\/wp\/v2\/categories?post=41297"},{"taxonomy":"post_tag","embeddable":true,"href":"https:\/\/catolicanet.net\/wp-cnet\/wp-json\/wp\/v2\/tags?post=41297"}],"curies":[{"name":"wp","href":"https:\/\/api.w.org\/{rel}","templated":true}]}}