{"id":41243,"date":"2018-06-04T15:32:21","date_gmt":"2018-06-04T18:32:21","guid":{"rendered":"http:\/\/catolicanet.net\/wp-cnet\/?p=41243"},"modified":"2018-06-04T15:32:21","modified_gmt":"2018-06-04T18:32:21","slug":"prayforguatemala-pedem-oracoes-por-vitimas-do-vulcao-de-fogo","status":"publish","type":"post","link":"https:\/\/catolicanet.net\/wp-cnet\/prayforguatemala-pedem-oracoes-por-vitimas-do-vulcao-de-fogo\/","title":{"rendered":"#PrayforGuatemala: Pedem ora\u00e7\u00f5es por v\u00edtimas do vulc\u00e3o de Fogo"},"content":{"rendered":"<p>GUATEMALA, 04 Jun. 18 \/ 01:00 pm (ACI).- No \u00faltimo domingo, pediram ora\u00e7\u00f5es atrav\u00e9s das redes sociais pelas v\u00edtimas da erup\u00e7\u00e3o do Vulc\u00e3o de Fogo, localizado a 50 quil\u00f4metros da capital da Guatemala.<\/p>\n<p>De acordo com a imprensa internacional, \u00e0s 11h foram registradas as primeiras explos\u00f5es que provocaram uma coluna de cinzas com dez mil metros de altura. Uma segunda fase da atividade explosiva ocorreu depois das 16h.<\/p>\n<p>Mario Cruz, porta-voz dos bombeiros volunt\u00e1rios, disse que at\u00e9 agora confirmaram a morte de sete pessoas, \u201cquatro adultos e tr\u00eas crian\u00e7as, que j\u00e1 foram levados para o necrot\u00e9rio de Alotenango, e foram evacuadas mais de 300 pessoas\u201d. Al\u00e9m disso, cerca de 20 ficaram feridas.<\/p>\n<p>Os falecidos estavam na comunidade \u2018El Rodeo\u2019, localizada perto do vulc\u00e3o e afetada por \u201cum rio de lava que transbordou\u201d, explicou a uma r\u00e1dio local Sergio Caba\u00f1as, secret\u00e1rio geral da Coordenadora Nacional para a Redu\u00e7\u00e3o de Desastres.<\/p>\n<p>Diante desta situa\u00e7\u00e3o, os internautas pediram ora\u00e7\u00f5es pelas v\u00edtimas e pelos danificados atrav\u00e9s da hashtag #PrayForGuatemala.<\/p>\n<p>Uma das pessoas que expressou sua solidariedade aos guatemaltecos foi Pe. Sam, conhecido por seu apostolado nas redes sociais, que tamb\u00e9m assinalou em sua conta no Twitter: \u201ch\u00e1 milhares de pessoas afetadas pela erup\u00e7\u00e3o do Vulc\u00e3o de Fogo\u201d.<\/p>\n<p>\u201cSolidarizamo-nos com o povo guatemalteco pelos momentos de ang\u00fastia que vivem por causa da erup\u00e7\u00e3o do Vulc\u00e3o de Fogo. Elevamos nossas ora\u00e7\u00f5es por todos os afetados por este desastre natural\u201d, expressou tamb\u00e9m Cat\u00f3licos em A\u00e7\u00e3o em sua conta no Twitter.<\/p>\n<p>O Vulc\u00e3o de Fogo \u00e9 um dos mais ativos dos 37 vulc\u00f5es no pa\u00eds da Am\u00e9rica Central.<\/p>\n<p>Em 1\u00ba de fevereiro, este vulc\u00e3o ficou ativo durante 20 horas, com fluxos de lava, causando atividade s\u00edsmica e explos\u00f5es.<\/p>\n<p>&nbsp;<\/p>\n<p>Fonte: Acidigital<\/p>\n","protected":false},"excerpt":{"rendered":"<p>GUATEMALA, 04 Jun. 18 \/ 01:00 pm (ACI).- No \u00faltimo domingo, pediram ora\u00e7\u00f5es atrav\u00e9s das redes sociais pelas v\u00edtimas da erup\u00e7\u00e3o do Vulc\u00e3o de Fogo, localizado a 50 quil\u00f4metros da capital da Guatemala. De acordo com a imprensa internacional, \u00e0s 11h foram registradas as primeiras explos\u00f5es que provocaram uma coluna de cinzas com dez mil [&hellip;]<\/p>\n","protected":false},"author":1,"featured_media":41244,"comment_status":"open","ping_status":"closed","sticky":false,"template":"","format":"standard","meta":{"footnotes":""},"categories":[4],"tags":[],"class_list":["post-41243","post","type-post","status-publish","format-standard","has-post-thumbnail","hentry","category-cotidiano"],"_links":{"self":[{"href":"https:\/\/catolicanet.net\/wp-cnet\/wp-json\/wp\/v2\/posts\/41243","targetHints":{"allow":["GET"]}}],"collection":[{"href":"https:\/\/catolicanet.net\/wp-cnet\/wp-json\/wp\/v2\/posts"}],"about":[{"href":"https:\/\/catolicanet.net\/wp-cnet\/wp-json\/wp\/v2\/types\/post"}],"author":[{"embeddable":true,"href":"https:\/\/catolicanet.net\/wp-cnet\/wp-json\/wp\/v2\/users\/1"}],"replies":[{"embeddable":true,"href":"https:\/\/catolicanet.net\/wp-cnet\/wp-json\/wp\/v2\/comments?post=41243"}],"version-history":[{"count":1,"href":"https:\/\/catolicanet.net\/wp-cnet\/wp-json\/wp\/v2\/posts\/41243\/revisions"}],"predecessor-version":[{"id":41245,"href":"https:\/\/catolicanet.net\/wp-cnet\/wp-json\/wp\/v2\/posts\/41243\/revisions\/41245"}],"wp:featuredmedia":[{"embeddable":true,"href":"https:\/\/catolicanet.net\/wp-cnet\/wp-json\/wp\/v2\/media\/41244"}],"wp:attachment":[{"href":"https:\/\/catolicanet.net\/wp-cnet\/wp-json\/wp\/v2\/media?parent=41243"}],"wp:term":[{"taxonomy":"category","embeddable":true,"href":"https:\/\/catolicanet.net\/wp-cnet\/wp-json\/wp\/v2\/categories?post=41243"},{"taxonomy":"post_tag","embeddable":true,"href":"https:\/\/catolicanet.net\/wp-cnet\/wp-json\/wp\/v2\/tags?post=41243"}],"curies":[{"name":"wp","href":"https:\/\/api.w.org\/{rel}","templated":true}]}}