{"id":41241,"date":"2018-06-04T15:23:50","date_gmt":"2018-06-04T18:23:50","guid":{"rendered":"http:\/\/catolicanet.net\/wp-cnet\/?p=41241"},"modified":"2018-06-04T15:23:50","modified_gmt":"2018-06-04T18:23:50","slug":"fazer-a-vontade-de-deus","status":"publish","type":"post","link":"https:\/\/catolicanet.net\/wp-cnet\/fazer-a-vontade-de-deus\/","title":{"rendered":"Fazer a vontade de Deus"},"content":{"rendered":"<p>S\u00e3o Marcos ao narrar o epis\u00f3dio que se deu em Cafarnaum envolvendo os parentes de Jesus legou li\u00e7\u00f5es preciosas (Mc 3,31-35).\u00a0 \u00c9 de se notar que nos vers\u00edculos 31 e 32 ele sublinha que a M\u00e3e de Jesus e seus primos estavam la fora.\u00a0 Isto, por\u00e9m, n\u00e3o no sentido exterior, mas no sentido de que a seus olhos Jesus \u201cestava fora de si\u201d. As manifesta\u00e7\u00f5es populares acerca do Mestre divino certamente tinham chegado a Nazar\u00e9 que ficava a 30 quil\u00f4metros de Cafarnaum. Vieram para confortar a Cristo que se entregava a uma prega\u00e7\u00e3o cont\u00ednua, doutrinando as multid\u00f5es que a Ele acorriam. Grande a celebridade do homem de Nazar\u00e9 que curava os doentes e expulsava dem\u00f4nios. Para os nazarenos sua \u00e1rdua conduta era anormal, at\u00e9 inconceb\u00edvel. Neste sentido \u00e9 que estavam fora do sentido de sua miss\u00e3o evangelizadora e achavam que Ele ultrapassava os limites do bom senso. A fam\u00edlia de Jesus O queria enquadrar nos seus moldes humanos, mas foi Jesus quem os colocou dentro de seu projeto salvador, de sua nova mensagem. Ele colocaria todos que aceitassem sua Boa Nova no Reino de Deus, bem longe do que ensinavam os escribas e fariseus que, na pr\u00e1tica, n\u00e3o passavam de ateus contumazes. Ele viera do c\u00e9u \u00e0 terra para desinstalar os acomodados em falsas seguran\u00e7as, praticando uma religi\u00e3o\u00a0 meramente exterior. Ele ensinaria a dizer ao Pai: \u201cSeja feita a vossa vontade\u201d. Da\u00ed ent\u00e3o sua indaga\u00e7\u00e3o ao lhe dizerem que seus parentes estavam fora e que O queriam ver: \u201cQuem \u00e9 minha m\u00e3e, quem s\u00e3o meus irm\u00e3os\u201d? Na sua resposta o grande ensinamento: \u201cQuem faz a vontade de Deus, esse \u00e9 para mim, irm\u00e3o, irm\u00e3 e m\u00e3e\u201d. Para sua m\u00e3e Maria, que ali estava, isto j\u00e1 era uma realidade sublime.\u00a0 Sua ades\u00e3o \u00e0 obra redentora fora completa, bem expressa no SIM dado ao arcanjo Gabriel. Foi uma ader\u00eancia perfeita em todos os detalhes de sua vida. Isto se culminaria um dia l\u00e1 no Calv\u00e1rio. Ali Jesus, contemplando os sofrimentos desta m\u00e3e admir\u00e1vel, dir\u00e1 a Jo\u00e3o: \u201cEis a\u00ed a tua m\u00e3e\u201d. O agir de Deus, sua vontade, \u00e9 imprevis\u00edvel, inesperada. N\u00e3o pode ser encerrada nos esquemas humanos. Para Maria, como para todos os crist\u00e3os, a \u00fanica verdade \u00e9 que se deve estar disposto a acatar os des\u00edgnios divinos, nada mais nem nada menos. Para isto \u00e9 preciso estar unido ao Esp\u00edrito Santo e escutar as inspira\u00e7\u00f5es que ele coloca no cora\u00e7\u00e3o de cada um. Alguns s\u00e3o chamados a fazer grandes coisas pela evangeliza\u00e7\u00e3o. Outros a se santificarem em pequeninas a\u00e7\u00f5es. Muitos se santificam nos caminhos dos sofrimentos e das afli\u00e7\u00f5es. Tudo, por\u00e9m, tem o mesmo valor. O principal \u00e9 fazer com amor o que Deus quer de cada um. A obedi\u00eancia a Deus \u00e9 o fundamento da vida crist\u00e3 animada pelo Esp\u00edrito Santo. Na B\u00edblia a vontade, seja a de Deus, do anjo ou do homem, \u00e9 antes de tudo a faculdade de se deixar atrair pelo bem e o escolher acima de tudo. Assim sendo, a raiz da vontade \u00e9 um amor, uma atra\u00e7\u00e3o e n\u00e3o uma mera autodetermina\u00e7\u00e3o. Em Deus a vontade \u00e9 esta atra\u00e7\u00e3o poderosa pela qual Ele vive a plenitude simples e essencial da Bondade sem limites que Ele \u00e9. Com rela\u00e7\u00e3o a suas criaturas, a vontade de Deus \u00e9 seu desejo de lhes comunicar, de faz\u00ea-las partilhar, segundo a capacidade de cada uma, algo de sua pr\u00f3pria bondade infinita. \u00c9 esta sabedoria plena de amor pela qual Deus, em seu Filho, quer atrair a Ele todos os homens. Ele chama os homens e as mulheres a serem seus filhos adotivos em Cristo pelo Esp\u00edrito Santo. \u00a0N\u00e3o se trata de um poder coercitivo que amea\u00e7a ou inquieta. \u00a0Ao ser racional cabe uma resposta de amor. Trata-se da assimila\u00e7\u00e3o vital, pessoal dessa orienta\u00e7\u00e3o para a \u00fanica Bondade que \u00e9 Deus atrav\u00e9s da conting\u00eancia e da multiplicidade das atividades cotidianas. Desta forma, os dez mandamentos s\u00e3o vistos como caminho de felicidade tra\u00e7ado pelo Bem Supremo. Eis porque S\u00e3o Paulo resumiu tudo ao dizer: \u201cEsta \u00e9 a vontade de Deus a vossa santifica\u00e7\u00e3o\u201d (1 Tm 4,3). \u00c9 que a obedi\u00eancia a Deus leva \u00e0 aten\u00e7\u00e3o \u00e0s realidades mais simples e diversas em suas singularidades l\u00e1 onde a Provid\u00eancia colocou cada um. Quem penetra fundo na paternidade divina, cuja vontade se expressa no Dec\u00e1logo, na voz da pr\u00f3pria consci\u00eancia, nos deveres familiares, profissionais e sociais, atento sempre \u00e0s inspira\u00e7\u00f5es divinas, persevera custe o que custar. Eis a\u00ed a mensagem dada por Cristo em Cafarnaum.<\/p>\n","protected":false},"excerpt":{"rendered":"<p>S\u00e3o Marcos ao narrar o epis\u00f3dio que se deu em Cafarnaum envolvendo os parentes de Jesus legou li\u00e7\u00f5es preciosas (Mc 3,31-35).\u00a0 \u00c9 de se notar que nos vers\u00edculos 31 e 32 ele sublinha que a M\u00e3e de Jesus e seus primos estavam la fora.\u00a0 Isto, por\u00e9m, n\u00e3o no sentido exterior, mas no sentido de que [&hellip;]<\/p>\n","protected":false},"author":7,"featured_media":32782,"comment_status":"open","ping_status":"closed","sticky":false,"template":"","format":"standard","meta":{"footnotes":""},"categories":[9],"tags":[],"class_list":["post-41241","post","type-post","status-publish","format-standard","has-post-thumbnail","hentry","category-artigos"],"_links":{"self":[{"href":"https:\/\/catolicanet.net\/wp-cnet\/wp-json\/wp\/v2\/posts\/41241","targetHints":{"allow":["GET"]}}],"collection":[{"href":"https:\/\/catolicanet.net\/wp-cnet\/wp-json\/wp\/v2\/posts"}],"about":[{"href":"https:\/\/catolicanet.net\/wp-cnet\/wp-json\/wp\/v2\/types\/post"}],"author":[{"embeddable":true,"href":"https:\/\/catolicanet.net\/wp-cnet\/wp-json\/wp\/v2\/users\/7"}],"replies":[{"embeddable":true,"href":"https:\/\/catolicanet.net\/wp-cnet\/wp-json\/wp\/v2\/comments?post=41241"}],"version-history":[{"count":1,"href":"https:\/\/catolicanet.net\/wp-cnet\/wp-json\/wp\/v2\/posts\/41241\/revisions"}],"predecessor-version":[{"id":41242,"href":"https:\/\/catolicanet.net\/wp-cnet\/wp-json\/wp\/v2\/posts\/41241\/revisions\/41242"}],"wp:featuredmedia":[{"embeddable":true,"href":"https:\/\/catolicanet.net\/wp-cnet\/wp-json\/wp\/v2\/media\/32782"}],"wp:attachment":[{"href":"https:\/\/catolicanet.net\/wp-cnet\/wp-json\/wp\/v2\/media?parent=41241"}],"wp:term":[{"taxonomy":"category","embeddable":true,"href":"https:\/\/catolicanet.net\/wp-cnet\/wp-json\/wp\/v2\/categories?post=41241"},{"taxonomy":"post_tag","embeddable":true,"href":"https:\/\/catolicanet.net\/wp-cnet\/wp-json\/wp\/v2\/tags?post=41241"}],"curies":[{"name":"wp","href":"https:\/\/api.w.org\/{rel}","templated":true}]}}