{"id":41232,"date":"2018-06-04T14:17:45","date_gmt":"2018-06-04T17:17:45","guid":{"rendered":"http:\/\/catolicanet.net\/wp-cnet\/?p=41232"},"modified":"2018-06-04T14:17:45","modified_gmt":"2018-06-04T17:17:45","slug":"panama-acolhe-encontro-preparatorio-para-a-jmj","status":"publish","type":"post","link":"https:\/\/catolicanet.net\/wp-cnet\/panama-acolhe-encontro-preparatorio-para-a-jmj\/","title":{"rendered":"Panam\u00e1 acolhe Encontro Preparat\u00f3rio para a JMJ"},"content":{"rendered":"<div class=\"article__subTitle\">Layla Kamila dos Santos, da equipe Jovens Conectados, foi escolhida como delegada pela Comiss\u00e3o Episcopal Pastoral para a Juventude da CNBB para participar da reuni\u00e3o no Panam\u00e1.<\/div>\n<div class=\"title__separator\"><\/div>\n<div class=\"article__text\">\n<p><b>Bianca Fraccalvieri \u2013 Cidade do Vaticano<\/b><\/p>\n<p>Encontro marcado esta semana no Panam\u00e1 em vista da JMJ 2019: o Comit\u00ea Organizador Local da Jornada e o Dicast\u00e9rio para os Leigos, a Fam\u00edlia e a Vida, do Vaticano, promovem de 6 a 10 junho a 2\u00ba Reuni\u00e3o Preparat\u00f3ria da JMJ.<\/p>\n<p>A reuni\u00e3o ser\u00e1 coordenada pelo cardeal Dom Kevin Farrell, prefeito do Dicast\u00e9rio para os Leigos, a Fam\u00edlia e a Vida, com a participa\u00e7\u00e3o dos brasileiros Pe. Alexandre\u00a0Awi Mello e Padre Jo\u00e3o Chagas, do mesmo dicast\u00e9rio. Delegados de diversos pa\u00edses e movimentos foram convidados a participar e acompanhar os preparativos para a Jornada.<\/p>\n<p><b>Layla Kamila dos Santos<\/b>, da equipe Jovens Conectados, foi escolhida como delegada pela Comiss\u00e3o Episcopal Pastoral para a Juventude da CNBB. Para ela, ser\u00e1 um importante momento para ajudar na organiza\u00e7\u00e3o e tamb\u00e9m trazer mais informa\u00e7\u00f5es para os jovens brasileiros que participar\u00e3o da Jornada.<\/p>\n<p>\u201cA ideia \u00e9 participar da constru\u00e7\u00e3o da JMJ junto aos outros delegados, representantes de tantos outros pa\u00edses, al\u00e9m de sanar d\u00favidas que irei levar da juventude e, principalmente, trazer as novidades, sendo uma porta-voz do que ser\u00e1 a JMJ 2019\u201d, conta.<\/p>\n<h2>Manual para os jovens brasileiros<\/h2>\n<p>Jovens do mundo todo j\u00e1 se preparam pra Jornada Mundial da Juventude 2019. Quer saber mais informa\u00e7\u00f5es e embarcar para o maior evento cat\u00f3lico jovem do mundo? O Jovens Conectados preparou um material especial para tirar as principais d\u00favidas.<\/p>\n<div>\n<div class=\"article__embed article__embed--unwrap article__embed--dark\">\n<div class=\"article__innerTitle\">Ou\u00e7a a reportagem completa<\/div>\n<\/div>\n<div>\n<!--[if lt IE 9]><script>document.createElement('audio');<\/script><![endif]-->\n<audio class=\"wp-audio-shortcode\" id=\"audio-41232-1\" preload=\"none\" style=\"width: 100%;\" controls=\"controls\"><source type=\"audio\/mpeg\" src=\"https:\/\/media.vaticannews.va\/media\/audio\/s1\/2018\/6\/4\/9\/134470306_F134470306.mp3?_=1\" \/><a href=\"https:\/\/media.vaticannews.va\/media\/audio\/s1\/2018\/6\/4\/9\/134470306_F134470306.mp3\">https:\/\/media.vaticannews.va\/media\/audio\/s1\/2018\/6\/4\/9\/134470306_F134470306.mp3<\/a><\/audio>\n<p>Fonte: R\u00e1dio Vaticano<\/p>\n<\/div>\n<\/div>\n<\/div>\n","protected":false},"excerpt":{"rendered":"<p>Layla Kamila dos Santos, da equipe Jovens Conectados, foi escolhida como delegada pela Comiss\u00e3o Episcopal Pastoral para a Juventude da CNBB para participar da reuni\u00e3o no Panam\u00e1. Bianca Fraccalvieri \u2013 Cidade do Vaticano Encontro marcado esta semana no Panam\u00e1 em vista da JMJ 2019: o Comit\u00ea Organizador Local da Jornada e o Dicast\u00e9rio para os [&hellip;]<\/p>\n","protected":false},"author":1,"featured_media":41234,"comment_status":"open","ping_status":"closed","sticky":false,"template":"","format":"standard","meta":{"footnotes":""},"categories":[3],"tags":[],"class_list":["post-41232","post","type-post","status-publish","format-standard","has-post-thumbnail","hentry","category-vaticano"],"_links":{"self":[{"href":"https:\/\/catolicanet.net\/wp-cnet\/wp-json\/wp\/v2\/posts\/41232","targetHints":{"allow":["GET"]}}],"collection":[{"href":"https:\/\/catolicanet.net\/wp-cnet\/wp-json\/wp\/v2\/posts"}],"about":[{"href":"https:\/\/catolicanet.net\/wp-cnet\/wp-json\/wp\/v2\/types\/post"}],"author":[{"embeddable":true,"href":"https:\/\/catolicanet.net\/wp-cnet\/wp-json\/wp\/v2\/users\/1"}],"replies":[{"embeddable":true,"href":"https:\/\/catolicanet.net\/wp-cnet\/wp-json\/wp\/v2\/comments?post=41232"}],"version-history":[{"count":1,"href":"https:\/\/catolicanet.net\/wp-cnet\/wp-json\/wp\/v2\/posts\/41232\/revisions"}],"predecessor-version":[{"id":41235,"href":"https:\/\/catolicanet.net\/wp-cnet\/wp-json\/wp\/v2\/posts\/41232\/revisions\/41235"}],"wp:featuredmedia":[{"embeddable":true,"href":"https:\/\/catolicanet.net\/wp-cnet\/wp-json\/wp\/v2\/media\/41234"}],"wp:attachment":[{"href":"https:\/\/catolicanet.net\/wp-cnet\/wp-json\/wp\/v2\/media?parent=41232"}],"wp:term":[{"taxonomy":"category","embeddable":true,"href":"https:\/\/catolicanet.net\/wp-cnet\/wp-json\/wp\/v2\/categories?post=41232"},{"taxonomy":"post_tag","embeddable":true,"href":"https:\/\/catolicanet.net\/wp-cnet\/wp-json\/wp\/v2\/tags?post=41232"}],"curies":[{"name":"wp","href":"https:\/\/api.w.org\/{rel}","templated":true}]}}