{"id":41191,"date":"2018-06-04T09:34:19","date_gmt":"2018-06-04T12:34:19","guid":{"rendered":"http:\/\/catolicanet.net\/wp-cnet\/?p=41191"},"modified":"2018-06-04T10:02:52","modified_gmt":"2018-06-04T13:02:52","slug":"corpus-christi-celebracao-de-doacao-e-partilha","status":"publish","type":"post","link":"https:\/\/catolicanet.net\/wp-cnet\/corpus-christi-celebracao-de-doacao-e-partilha\/","title":{"rendered":"Corpus Christi: celebra\u00e7\u00e3o de doa\u00e7\u00e3o e partilha"},"content":{"rendered":"<p><img loading=\"lazy\" decoding=\"async\" class=\"size-medium wp-image-41194 alignleft\" src=\"http:\/\/catolicanet.net\/wp-cnet\/wp-content\/uploads\/Corpus-Christi-04-300x200.jpg\" alt=\"\" width=\"300\" height=\"200\" srcset=\"https:\/\/catolicanet.net\/wp-cnet\/wp-content\/uploads\/Corpus-Christi-04-300x200.jpg 300w, https:\/\/catolicanet.net\/wp-cnet\/wp-content\/uploads\/Corpus-Christi-04-768x512.jpg 768w, https:\/\/catolicanet.net\/wp-cnet\/wp-content\/uploads\/Corpus-Christi-04-1024x683.jpg 1024w, https:\/\/catolicanet.net\/wp-cnet\/wp-content\/uploads\/Corpus-Christi-04-600x400.jpg 600w, https:\/\/catolicanet.net\/wp-cnet\/wp-content\/uploads\/Corpus-Christi-04-696x464.jpg 696w, https:\/\/catolicanet.net\/wp-cnet\/wp-content\/uploads\/Corpus-Christi-04-1068x712.jpg 1068w, https:\/\/catolicanet.net\/wp-cnet\/wp-content\/uploads\/Corpus-Christi-04-630x420.jpg 630w\" sizes=\"auto, (max-width: 300px) 100vw, 300px\" \/>Catedral Metropolitana Nossa Senhora Aparecida recebeu a comunidade para a solenidade da institui\u00e7\u00e3o da Eucaristia<\/p>\n<p>\u201cSejamos h\u00f3stias vivas nesse mundo que tanto precisa\u201d. Este foi o convite de dom Rodolfo Lu\u00eds Weber, arcebispo de Passo Fundo, durante a celebra\u00e7\u00e3o de Corpus Christi, na Catedral Metropolitana Nossa Senhora Aparecida, nesta quinta-feira. \u201cQue Cristo nos d\u00ea for\u00e7a e coragem para que possamos nos doar como Ele se doou\u201d, complementou o arcebispo. A solenidade de Corpus Christi, vivenciada por toda a Igreja, celebra o Corpo e o Sangue de Cristo e envolveu as 53 par\u00f3quias da Arquidiocese de Passo Fundo para fazer mem\u00f3ria ao sacrif\u00edcio de Jesus Cristo ao se doar atrav\u00e9s da Eucaristia.<\/p>\n<p>&nbsp;<\/p>\n<p><strong>Uma alian\u00e7a de amor<img loading=\"lazy\" decoding=\"async\" class=\"size-medium wp-image-41196 alignright\" src=\"http:\/\/catolicanet.net\/wp-cnet\/wp-content\/uploads\/Corpus-Christi-02-300x200.jpg\" alt=\"\" width=\"300\" height=\"200\" srcset=\"https:\/\/catolicanet.net\/wp-cnet\/wp-content\/uploads\/Corpus-Christi-02-300x200.jpg 300w, https:\/\/catolicanet.net\/wp-cnet\/wp-content\/uploads\/Corpus-Christi-02-768x512.jpg 768w, https:\/\/catolicanet.net\/wp-cnet\/wp-content\/uploads\/Corpus-Christi-02-1024x683.jpg 1024w, https:\/\/catolicanet.net\/wp-cnet\/wp-content\/uploads\/Corpus-Christi-02-600x400.jpg 600w, https:\/\/catolicanet.net\/wp-cnet\/wp-content\/uploads\/Corpus-Christi-02-696x464.jpg 696w, https:\/\/catolicanet.net\/wp-cnet\/wp-content\/uploads\/Corpus-Christi-02-1068x712.jpg 1068w, https:\/\/catolicanet.net\/wp-cnet\/wp-content\/uploads\/Corpus-Christi-02-630x420.jpg 630w\" sizes=\"auto, (max-width: 300px) 100vw, 300px\" \/><\/strong><\/p>\n<p>Durante a sua homilia, dom Rodolfo destacou a doa\u00e7\u00e3o de Jesus Cristo \u2013 que d\u00e1 o seu corpo e sangue \u2013 e motivou a partilha a partir da Eucaristia. \u201cSomos felizes porque, a partir da institui\u00e7\u00e3o da Eucaristia, Deus estabelece essa alian\u00e7a de amor conosco. E a garantia dessa alian\u00e7a \u00e9 o sangue do pr\u00f3prio Cristo que se ofereceu e oferece cada vez que celebramos esse mist\u00e9rio\u201d, colocou e acrescentou, tamb\u00e9m, que a Eucaristia \u00e9 um alimento para a vida e deve motivar as atitudes de quem comunga. \u201cA ideia \u00e9 que esta nova alian\u00e7a mate o que \u00e9 velho e instaure um novo tempo. A Eucaristia existe para nos tornar semelhantes a Cristo. Aquele que comunga est\u00e1 em Cristo e deve, portanto, buscar agir como Ele\u201d, enfatizou o arcebispo.<\/p>\n<p>&nbsp;<\/p>\n<p>Depois da celebra\u00e7\u00e3o, a comunidade se envolveu na tradicional prociss\u00e3o ao redor da Pra\u00e7a Marechal Floriano e refletiu, atrav\u00e9s de m\u00fasicas e textos, sobre a valoriza\u00e7\u00e3o da fam\u00edlia, a import\u00e2ncia de celebrar a paz e, ainda, o acolhimento aos jovens.<\/p>\n<p>&nbsp;<\/p>\n<p><strong>Tapetes: passagem para o Cristo<\/strong><\/p>\n<p>Os tapetes de serragem, que tradicionalmente abrem caminho para a passagem do Cristo Eucar\u00edstico, assumem, a cada ano, formas e cores diferentes, de acordo com a realidade vivida pela Arquidiocese. Em Passo Fundo, as par\u00f3quias Santo Ant\u00f4nio, S\u00e3o Jos\u00e9, S\u00e3o Vicente de Paulo e S\u00e3o Francisco de Assis confeccionaram os tapetes com serragem, papeis e tintas para acolher a passagem do Corpo de Cristo nas prociss\u00f5es. Na regi\u00e3o, as cidades de Pont\u00e3o, Camargo, Guapor\u00e9, Tapejara, Marau, Carazinho e Tapera tamb\u00e9m realizaram a atividade. Al\u00e9m dos tapetes, parte das par\u00f3quias motivou, ainda, a doa\u00e7\u00e3o de alimentos n\u00e3o perec\u00edveis, cobertores e de roupas que ser\u00e3o encaminhadas para fam\u00edlias em situa\u00e7\u00e3o de vulnerabilidade social.<\/p>\n<p>&nbsp;<\/p>\n<p><strong>Significado<\/strong><\/p>\n<p>A express\u00e3o Corpus Christi vem do latim e significa Corpo de Cristo. Durante a \u00faltima ceia Jesus pediu que celebrassem Sua lembran\u00e7a comendo o p\u00e3o e bebendo o vinho que se transformariam em seu Corpo e Sangue. &#8220;O que come a minha carne e bebe o meu sangue, tem a vida eterna e, eu o ressuscitarei no \u00faltimo dia. Porque a minha carne \u00e9 verdadeiramente comida e o meu sangue \u00e9 verdadeiramente bebida. O que come a minha carne e bebe o meu sangue permanece em mim e eu nele. O que come deste p\u00e3o viver\u00e1 eternamente&#8221;.<\/p>\n<p>Sammara Garbelotto<\/p>\n<p>Fonte: Assessoria de Comunica\u00e7\u00e3o da Arquidiocese de Passo Fundo<\/p>\n","protected":false},"excerpt":{"rendered":"<p>Catedral Metropolitana Nossa Senhora Aparecida recebeu a comunidade para a solenidade da institui\u00e7\u00e3o da Eucaristia \u201cSejamos h\u00f3stias vivas nesse mundo que tanto precisa\u201d. Este foi o convite de dom Rodolfo Lu\u00eds Weber, arcebispo de Passo Fundo, durante a celebra\u00e7\u00e3o de Corpus Christi, na Catedral Metropolitana Nossa Senhora Aparecida, nesta quinta-feira. \u201cQue Cristo nos d\u00ea for\u00e7a [&hellip;]<\/p>\n","protected":false},"author":18,"featured_media":41192,"comment_status":"open","ping_status":"closed","sticky":false,"template":"","format":"standard","meta":{"footnotes":""},"categories":[9],"tags":[],"class_list":["post-41191","post","type-post","status-publish","format-standard","has-post-thumbnail","hentry","category-artigos"],"_links":{"self":[{"href":"https:\/\/catolicanet.net\/wp-cnet\/wp-json\/wp\/v2\/posts\/41191","targetHints":{"allow":["GET"]}}],"collection":[{"href":"https:\/\/catolicanet.net\/wp-cnet\/wp-json\/wp\/v2\/posts"}],"about":[{"href":"https:\/\/catolicanet.net\/wp-cnet\/wp-json\/wp\/v2\/types\/post"}],"author":[{"embeddable":true,"href":"https:\/\/catolicanet.net\/wp-cnet\/wp-json\/wp\/v2\/users\/18"}],"replies":[{"embeddable":true,"href":"https:\/\/catolicanet.net\/wp-cnet\/wp-json\/wp\/v2\/comments?post=41191"}],"version-history":[{"count":3,"href":"https:\/\/catolicanet.net\/wp-cnet\/wp-json\/wp\/v2\/posts\/41191\/revisions"}],"predecessor-version":[{"id":41197,"href":"https:\/\/catolicanet.net\/wp-cnet\/wp-json\/wp\/v2\/posts\/41191\/revisions\/41197"}],"wp:featuredmedia":[{"embeddable":true,"href":"https:\/\/catolicanet.net\/wp-cnet\/wp-json\/wp\/v2\/media\/41192"}],"wp:attachment":[{"href":"https:\/\/catolicanet.net\/wp-cnet\/wp-json\/wp\/v2\/media?parent=41191"}],"wp:term":[{"taxonomy":"category","embeddable":true,"href":"https:\/\/catolicanet.net\/wp-cnet\/wp-json\/wp\/v2\/categories?post=41191"},{"taxonomy":"post_tag","embeddable":true,"href":"https:\/\/catolicanet.net\/wp-cnet\/wp-json\/wp\/v2\/tags?post=41191"}],"curies":[{"name":"wp","href":"https:\/\/api.w.org\/{rel}","templated":true}]}}