{"id":41168,"date":"2018-05-30T15:00:34","date_gmt":"2018-05-30T18:00:34","guid":{"rendered":"http:\/\/catolicanet.net\/wp-cnet\/?p=41168"},"modified":"2018-05-30T15:01:03","modified_gmt":"2018-05-30T18:01:03","slug":"audiencia-a-crisma-e-a-marca-indelevel-que-nos-une-a-cristo","status":"publish","type":"post","link":"https:\/\/catolicanet.net\/wp-cnet\/audiencia-a-crisma-e-a-marca-indelevel-que-nos-une-a-cristo\/","title":{"rendered":"Audi\u00eancia: a Crisma \u00e9 a marca indel\u00e9vel que nos une a Cristo"},"content":{"rendered":"<div>\n<p><iframe loading=\"lazy\" width=\"696\" height=\"392\" src=\"https:\/\/www.youtube.com\/embed\/kzECt46QMSQ?feature=oembed\" frameborder=\"0\" allow=\"autoplay; encrypted-media\" allowfullscreen><\/iframe><\/p>\n<\/div>\n<div class=\"article__subTitle\">O Pont\u00edfice deu sequ\u00eancia \u00e0 catequese sobre a Crisma, recordando que o Esp\u00edrito \u00e9 um dom a ser protegido, deixando-se plasmar, como cera, pela sua caridade ardente para refletir Jesus Cristo no mundo de hoje.<\/div>\n<div class=\"title__separator\"><\/div>\n<div class=\"article__text\">\n<p><b>Bianca Fraccalvieri &#8211; Cidade do Vaticano<\/b><\/p>\n<p>Milhares de fi\u00e9is e peregrinos participaram na manh\u00e3 de quarta-feira (30\/05) da Audi\u00eancia Geral na Pra\u00e7a S. Pedro.<\/p>\n<p>O Papa prosseguiu sua s\u00e9rie de catequeses sobre a Crisma, falando desta vez do selo do Esp\u00edrito.<\/p>\n<h2>Esp\u00edrito Santo, criador da unidade<\/h2>\n<p>Antes de receber a un\u00e7\u00e3o espiritual que confirma e refor\u00e7a a gra\u00e7a do Batismo, explicou Francisco, o crismando \u00e9 chamado a renovar as promessas que um dia foram feitas em seu nome pelos respectivos pais e padrinhos. Agora, \u00e9 o pr\u00f3prio fiel a professar a f\u00e9 da Igreja, pronto a responder \u00abcreio\u00bb \u00e0s perguntas que lhe faz o Bispo, em particular que est\u00e1 disposto a crer \u00abno Esp\u00edrito Santo.<\/p>\n<p>\u201cO \u00fanico Esp\u00edrito distribui os m\u00faltiplos dons que enriquecem a \u00fanica Igreja: \u00e9 Autor da diversidade, mas ao mesmo tempo o Criador da unidade\u201d, recordou o Papa.<\/p>\n<h2>\u00d3leo do crisma<\/h2>\n<p>O sacramento da Confirma\u00e7\u00e3o ou Crisma realiza-se com a imposi\u00e7\u00e3o das m\u00e3os do Bispo sobre os crismandos, enquanto suplica ao Pai do C\u00e9u que infunda neles o Esp\u00edrito Par\u00e1clito. A este gesto b\u00edblico, para melhor expressar a efus\u00e3o do Esp\u00edrito, logo se acrescentou a un\u00e7\u00e3o do \u00f3leo perfumado, chamado crisma, que \u00e9 usado ainda hoje seja no Oriente, seja no Ocidente.<\/p>\n<p>O \u00f3leo, acrescentou Francisco, \u00e9 subst\u00e2ncia terap\u00eautica e cosm\u00e9tica, que entra nos tecidos do corpo, cura as feridas e perfuma os membros. Depois da imposi\u00e7\u00e3o das m\u00e3os, a fronte de cada um \u00e9 ungida seguida destas palavras: \u00abRecebe, por este sinal, o Esp\u00edrito Santo, o dom de Deus\u00bb.<\/p>\n<div>\n<div class=\"article__embed article__embed--border embed_style\">\n<blockquote><p>\u201c O Esp\u00edrito Santo \u00e9 o dom invis\u00edvel recebido, e a Crisma \u00e9 a marca vis\u00edvel.\u201d<\/p><\/blockquote>\n<\/div>\n<\/div>\n<h2>Marca indel\u00e9vel<\/h2>\n<p>Assim, ao receber na fronte o sinal da cruz com o \u00f3leo perfumado do crisma, o crismando recebe uma marca espiritual indel\u00e9vel, o \u00abcar\u00e1ter\u00bb, que o configura mais perfeitamente a Cristo e lhe d\u00e1 a gra\u00e7a de espargir entre os homens o bom perfume de Cristo.<\/p>\n<p>\u201cO Esp\u00edrito \u00e9 um dom imerecido\u201d, concluiu Francisco, a ser acolhido com gratid\u00e3o, fazendo espa\u00e7o \u00e0 sua criatividade inesgot\u00e1vel.<\/p>\n<div>\n<div class=\"article__embed article__embed--border embed_style\">\n<blockquote><p>\u201c \u00c9 um dom a ser protegido com cuidado e respeitado com docilidade, deixando-se plasmar, como cera, pela sua caridade ardente, para refletir Jesus Cristo no mundo de hoje. \u201d<\/p><\/blockquote>\n<\/div>\n<\/div>\n<h2>Coreias<\/h2>\n<p>Durante as sauda\u00e7\u00f5es em v\u00e1rias l\u00ednguas, houve a apresenta\u00e7\u00e3o de atletas coreanos de taekwondo, que sob as notas da Ave Maria de Schubert simbolizavam a uni\u00e3o dos dois pa\u00edses.<\/p>\n<h2>M\u00eas mariano<\/h2>\n<p>Francisco recordou tamb\u00e9m que amanh\u00e3 conclu\u00edmos o m\u00eas mariano. \u201cQue a M\u00e3e de Deus seja o ref\u00fagio nos momentos felizes, assim como nos momentos mais dif\u00edceis, e seja a guia de suas fam\u00edlias, para que se tornem um lar de ora\u00e7\u00e3o, de rec\u00edproca compreens\u00e3o e de dom.\u201d<\/p>\n<div>\n<div class=\"article__embed article__embed--unwrap article__embed--dark\">\n<div class=\"article__innerTitle\">Ou\u00e7a a reportagem com a voz do Papa Francisco<\/div>\n<audio class=\"wp-audio-shortcode\" id=\"audio-41168-1\" preload=\"none\" style=\"width: 100%;\" controls=\"controls\"><source type=\"audio\/mpeg\" src=\"https:\/\/media.vaticannews.va\/media\/audio\/s1\/2018\/5\/30\/11\/134456633_F134456633.mp3?_=1\" \/><a href=\"https:\/\/media.vaticannews.va\/media\/audio\/s1\/2018\/5\/30\/11\/134456633_F134456633.mp3\">https:\/\/media.vaticannews.va\/media\/audio\/s1\/2018\/5\/30\/11\/134456633_F134456633.mp3<\/a><\/audio>\n<\/div>\n<\/div>\n<\/div>\n<div class=\"article__embed article__embed--out article__embed--dark article__embed--photogallery\"><\/div>\n<p>&nbsp;<\/p>\n<p>&nbsp;<\/p>\n<p>&nbsp;<\/p>\n<p>Fonte: R\u00e1dio Vaticano<\/p>\n","protected":false},"excerpt":{"rendered":"<p>O Pont\u00edfice deu sequ\u00eancia \u00e0 catequese sobre a Crisma, recordando que o Esp\u00edrito \u00e9 um dom a ser protegido, deixando-se plasmar, como cera, pela sua caridade ardente para refletir Jesus Cristo no mundo de hoje. Bianca Fraccalvieri &#8211; Cidade do Vaticano Milhares de fi\u00e9is e peregrinos participaram na manh\u00e3 de quarta-feira (30\/05) da Audi\u00eancia Geral [&hellip;]<\/p>\n","protected":false},"author":1,"featured_media":41169,"comment_status":"open","ping_status":"closed","sticky":false,"template":"","format":"standard","meta":{"footnotes":""},"categories":[13],"tags":[],"class_list":["post-41168","post","type-post","status-publish","format-standard","has-post-thumbnail","hentry","category-featured"],"_links":{"self":[{"href":"https:\/\/catolicanet.net\/wp-cnet\/wp-json\/wp\/v2\/posts\/41168","targetHints":{"allow":["GET"]}}],"collection":[{"href":"https:\/\/catolicanet.net\/wp-cnet\/wp-json\/wp\/v2\/posts"}],"about":[{"href":"https:\/\/catolicanet.net\/wp-cnet\/wp-json\/wp\/v2\/types\/post"}],"author":[{"embeddable":true,"href":"https:\/\/catolicanet.net\/wp-cnet\/wp-json\/wp\/v2\/users\/1"}],"replies":[{"embeddable":true,"href":"https:\/\/catolicanet.net\/wp-cnet\/wp-json\/wp\/v2\/comments?post=41168"}],"version-history":[{"count":1,"href":"https:\/\/catolicanet.net\/wp-cnet\/wp-json\/wp\/v2\/posts\/41168\/revisions"}],"predecessor-version":[{"id":41170,"href":"https:\/\/catolicanet.net\/wp-cnet\/wp-json\/wp\/v2\/posts\/41168\/revisions\/41170"}],"wp:featuredmedia":[{"embeddable":true,"href":"https:\/\/catolicanet.net\/wp-cnet\/wp-json\/wp\/v2\/media\/41169"}],"wp:attachment":[{"href":"https:\/\/catolicanet.net\/wp-cnet\/wp-json\/wp\/v2\/media?parent=41168"}],"wp:term":[{"taxonomy":"category","embeddable":true,"href":"https:\/\/catolicanet.net\/wp-cnet\/wp-json\/wp\/v2\/categories?post=41168"},{"taxonomy":"post_tag","embeddable":true,"href":"https:\/\/catolicanet.net\/wp-cnet\/wp-json\/wp\/v2\/tags?post=41168"}],"curies":[{"name":"wp","href":"https:\/\/api.w.org\/{rel}","templated":true}]}}