{"id":41165,"date":"2018-05-30T14:56:34","date_gmt":"2018-05-30T17:56:34","guid":{"rendered":"http:\/\/catolicanet.net\/wp-cnet\/?p=41165"},"modified":"2018-05-30T14:56:34","modified_gmt":"2018-05-30T17:56:34","slug":"vaticano-muda-local-da-celebracao-e-procissao-de-corpus-christi-em-roma-no-domingo-3-de-junho","status":"publish","type":"post","link":"https:\/\/catolicanet.net\/wp-cnet\/vaticano-muda-local-da-celebracao-e-procissao-de-corpus-christi-em-roma-no-domingo-3-de-junho\/","title":{"rendered":"Vaticano muda local da celebra\u00e7\u00e3o e prociss\u00e3o de Corpus Christi em Roma, no domingo, 3 de junho"},"content":{"rendered":"<p>Segundo jornal italiano La Stampa, Papa Francisco vai celebrar a solenidade do Corpus Christi na cidade de Ostia, perto de Roma no domingo, 3 de junho. Uma breve nota da Prefeitura da Casa Pontif\u00edcia diz, confirmando rumores j\u00e1 circulando nos \u00faltimos dias sobre o poss\u00edvel deslocamento desta celebra\u00e7\u00e3o que tradicionalmente ocorre na Bas\u00edlica de S\u00e3o Jo\u00e3o de Latr\u00e3o, com uma prociss\u00e3o que vai at\u00e9 a Bas\u00edlica de Santa Maria Maior, em Roma.<\/p>\n<p>O Pont\u00edfice, como informa a Santa S\u00e9, ir\u00e1 \u00e0 cidade do L\u00e1cio \u00e0s 18 horas e celebrar\u00e1 a missa da Solenidade do Corpo e Sangue de Cristo na pra\u00e7a em frente \u00e0 par\u00f3quia de Santa M\u00f4nica. No final da celebra\u00e7\u00e3o eucar\u00edstica, a prociss\u00e3o ter\u00e1 lugar com o Sant\u00edssimo Sacramento, que terminar\u00e1 perto da par\u00f3quia \u201cNossa Senhora de Bonaria\u201d, na \u00e1rea chamada \u201cnova Ostia\u201d, com a b\u00ean\u00e7\u00e3o dada pelo Papa.<\/p>\n<p>Papa Francisco segue assim os passos do Beato Paulo VI, que h\u00e1 exatamente quarenta anos, em 13 de junho de 1968, celebrou o Corpus Christi em Ostia.<\/p>\n<p><strong>Terceira vez<\/strong><\/p>\n<p>Segundo o jornal, esta n\u00e3o \u00e9 a primeira vez que Francisco vai a Ostia. Em 3 de maio de 2015, o Papa visitou a par\u00f3quia \u201cRegina Pacis\u201d, tamb\u00e9m fazendo uma breve parada no Luna Park para conhecer um grupo de freiras, as irm\u00e3s pequenas de Charles De Foucauld. Ent\u00e3o, um ano atr\u00e1s, em 19 de maio, sem avisar, ele visitou a comunidade paroquial de \u201cStella Maris\u201d, indo diretamente para os edif\u00edcios populares acompanhados pelo p\u00e1roco padre Plinio Poncina, tocando no interfone e entrando na casa para dar sua b\u00ean\u00e7\u00e3o.<\/p>\n<p><strong><a href=\"http:\/\/www.cnbb.org.br\/vaticano-muda-local-da-celebracao-e-procissao-de-corpus-christi-em-roma-no-domingo-3-de-junho\/procissao\/\"><img loading=\"lazy\" decoding=\"async\" class=\"size-medium wp-image-192822 alignleft\" src=\"http:\/\/www.cnbb.org.br\/wp-content\/uploads\/sites\/32\/2018\/05\/PROCISSAO-300x147.jpg\" srcset=\"http:\/\/www.cnbb.org.br\/wp-content\/uploads\/sites\/32\/2018\/05\/PROCISSAO-300x147.jpg 300w, http:\/\/www.cnbb.org.br\/wp-content\/uploads\/sites\/32\/2018\/05\/PROCISSAO-768x377.jpg 768w, http:\/\/www.cnbb.org.br\/wp-content\/uploads\/sites\/32\/2018\/05\/PROCISSAO.jpg 800w\" alt=\"\" width=\"300\" height=\"147\" \/><\/a>Prociss\u00e3o tradicional na Via Merulana<\/strong><\/p>\n<p>Nos anos anteriores do seu pontificado, o Papa Francisco preside a celebra\u00e7\u00e3o no p\u00e1tio da Bas\u00edlica de S\u00e3o Jo\u00e3o de Latr\u00e3o, em Roma. No final da celebra\u00e7\u00e3o, segue uma prociss\u00e3o que, ao longo de Merulana, chega ao adro da Bas\u00edlica de Santa Maria Maior, de onde o Papa d\u00e1 uma b\u00ean\u00e7\u00e3o eucar\u00edstica.<\/p>\n<p>Em geral, participam em n\u00famero expressivo, religiosos que t\u00eam comunidades na diocese de Roma. Confrarias e associa\u00e7\u00f5es eucar\u00edsticas tamb\u00e9m se apresentam. A Prefeitura Apost\u00f3lica distribui ingressos (gratuitos) para o adro da igreja, que abriga, al\u00e9m do servi\u00e7o lit\u00fargico, p\u00e1rocos e padres; religiosos e seminaristas; filhos da primeira comunh\u00e3o e ministrantes; pais de filhos; funcion\u00e1rios do Vicariato e suas fam\u00edlias.<\/p>\n<p>No primeiro ano do pontificado, em 2013, diferentemente de Jo\u00e3o Paulo II e Bento XVI, Papa Francisco n\u00e3o acompanhou a prociss\u00e3o e a C\u00e1tedra Pontif\u00edcia carregou o ostens\u00f3rio em prociss\u00e3o.<\/p>\n<p>&nbsp;<\/p>\n<p>Fonte: CNBB<\/p>\n","protected":false},"excerpt":{"rendered":"<p>Segundo jornal italiano La Stampa, Papa Francisco vai celebrar a solenidade do Corpus Christi na cidade de Ostia, perto de Roma no domingo, 3 de junho. Uma breve nota da Prefeitura da Casa Pontif\u00edcia diz, confirmando rumores j\u00e1 circulando nos \u00faltimos dias sobre o poss\u00edvel deslocamento desta celebra\u00e7\u00e3o que tradicionalmente ocorre na Bas\u00edlica de S\u00e3o [&hellip;]<\/p>\n","protected":false},"author":1,"featured_media":41166,"comment_status":"open","ping_status":"closed","sticky":false,"template":"","format":"standard","meta":{"footnotes":""},"categories":[7],"tags":[],"class_list":["post-41165","post","type-post","status-publish","format-standard","has-post-thumbnail","hentry","category-cnbb"],"_links":{"self":[{"href":"https:\/\/catolicanet.net\/wp-cnet\/wp-json\/wp\/v2\/posts\/41165","targetHints":{"allow":["GET"]}}],"collection":[{"href":"https:\/\/catolicanet.net\/wp-cnet\/wp-json\/wp\/v2\/posts"}],"about":[{"href":"https:\/\/catolicanet.net\/wp-cnet\/wp-json\/wp\/v2\/types\/post"}],"author":[{"embeddable":true,"href":"https:\/\/catolicanet.net\/wp-cnet\/wp-json\/wp\/v2\/users\/1"}],"replies":[{"embeddable":true,"href":"https:\/\/catolicanet.net\/wp-cnet\/wp-json\/wp\/v2\/comments?post=41165"}],"version-history":[{"count":1,"href":"https:\/\/catolicanet.net\/wp-cnet\/wp-json\/wp\/v2\/posts\/41165\/revisions"}],"predecessor-version":[{"id":41167,"href":"https:\/\/catolicanet.net\/wp-cnet\/wp-json\/wp\/v2\/posts\/41165\/revisions\/41167"}],"wp:featuredmedia":[{"embeddable":true,"href":"https:\/\/catolicanet.net\/wp-cnet\/wp-json\/wp\/v2\/media\/41166"}],"wp:attachment":[{"href":"https:\/\/catolicanet.net\/wp-cnet\/wp-json\/wp\/v2\/media?parent=41165"}],"wp:term":[{"taxonomy":"category","embeddable":true,"href":"https:\/\/catolicanet.net\/wp-cnet\/wp-json\/wp\/v2\/categories?post=41165"},{"taxonomy":"post_tag","embeddable":true,"href":"https:\/\/catolicanet.net\/wp-cnet\/wp-json\/wp\/v2\/tags?post=41165"}],"curies":[{"name":"wp","href":"https:\/\/api.w.org\/{rel}","templated":true}]}}