{"id":41136,"date":"2018-05-29T13:51:48","date_gmt":"2018-05-29T16:51:48","guid":{"rendered":"http:\/\/catolicanet.net\/wp-cnet\/?p=41136"},"modified":"2018-05-29T13:56:04","modified_gmt":"2018-05-29T16:56:04","slug":"festa-de-corpus-christi","status":"publish","type":"post","link":"https:\/\/catolicanet.net\/wp-cnet\/festa-de-corpus-christi\/","title":{"rendered":"Festa de Corpus Christi"},"content":{"rendered":"<p>A festa de Corpus Christi, preceito da Igreja, da qual os cat\u00f3licos participam na quinta-feira, ap\u00f3s o domingo da Sant\u00edssima Trindade, foi institu\u00edda pelo Papa Urbano IV, em 1264. \u00c9 o acontecimento inaudito da institui\u00e7\u00e3o da Eucaristia, que se deu na v\u00e9spera da paix\u00e3o e morte de Nosso Senhor Jesus Cristo, no cen\u00e1culo, enquanto o Filho de Deus celebrava a P\u00e1scoa da eterna alian\u00e7a com seus ap\u00f3stolos, sendo Ele mesmo a oferenda eterna, o \u201cCordeiro de Deus, aquele que tira o pecado do mundo\u201d. Dentro desse contexto eucar\u00edstico, pensemos na assertiva de Dom Helder: \u201cQuando as palavras somem, quando os cuidados adormecem, quando nos entregamos, de verdade, nas m\u00e3os do Senhor, o grande sil\u00eancio nos mergulha na paz, na confian\u00e7a e na alegria\u201d.<\/p>\n<p>Foi o Cristo Senhor que escolheu o p\u00e3o e o vinho como sinais da Sua presen\u00e7a, doando-se integralmente em cada uma das esp\u00e9cies eucar\u00edsticas, aproximando-se e unindo-se \u00e0 humanidade, no p\u00e3o e no vinho consagrados. Na solenidade de Corpus Christi, os crist\u00e3os s\u00e3o convidados, pela comemora\u00e7\u00e3o sacramental de Cristo, a haurir, dessa fonte inesgot\u00e1vel, que \u00e9 for\u00e7a, conforto e alegria.\u00a0 Tamb\u00e9m \u00e9 nosso dever difundir o culto eucar\u00edstico, num af\u00e1vel e amoroso di\u00e1logo com Jesus, sentindo sua viva e real presen\u00e7a, como alimento e rem\u00e9dio restaurador, sem esquecer de reservar a mais elevada honra e gl\u00f3ria no sacrif\u00edcio do seu amor, oferecendo-nos a salva\u00e7\u00e3o, no nosso constante esfor\u00e7o de reconcilia\u00e7\u00e3o com Deus e com os irm\u00e3os.<\/p>\n<p>Ao contemplar em adora\u00e7\u00e3o o Cristo Eucar\u00edstico, presen\u00e7a real no sacr\u00e1rio, ficamos diante do que \u00e9 essencial \u00e0 nossa vida, dom maior do amor, convencidos, sem nenhuma d\u00favida, do mist\u00e9rio \u00fanico e incompar\u00e1vel. Somos tamb\u00e9m convidados a renovar nossa f\u00e9 na real presen\u00e7a de Cristo, no sagrado mist\u00e9rio da Eucaristia, suplicando a gra\u00e7a de mais e mais redescobrir a vida em Cristo, maravilha inexprim\u00edvel, na contempla\u00e7\u00e3o e ora\u00e7\u00e3o, diante do Sant\u00edssimo Sacramento.<\/p>\n<p>No banquete eucar\u00edstico, que a voz de Deus clame aos crist\u00e3os no mundo de hoje, no cora\u00e7\u00e3o da comunidade dos batizados, assim como clamou e penetrou no cora\u00e7\u00e3o do mundo no decorrer da Hist\u00f3ria do povo de Deus. Pelo dom da Eucaristia, dai-nos, \u00f3 Deus, a gra\u00e7a de cada vez mais crer e confiar em v\u00f3s, nossa \u00fanica esperan\u00e7a! Am\u00e9m!<\/p>\n","protected":false},"excerpt":{"rendered":"<p>A festa de Corpus Christi, preceito da Igreja, da qual os cat\u00f3licos participam na quinta-feira, ap\u00f3s o domingo da Sant\u00edssima Trindade, foi institu\u00edda pelo Papa Urbano IV, em 1264. \u00c9 o acontecimento inaudito da institui\u00e7\u00e3o da Eucaristia, que se deu na v\u00e9spera da paix\u00e3o e morte de Nosso Senhor Jesus Cristo, no cen\u00e1culo, enquanto o [&hellip;]<\/p>\n","protected":false},"author":6,"featured_media":32779,"comment_status":"open","ping_status":"closed","sticky":false,"template":"","format":"standard","meta":{"footnotes":""},"categories":[9],"tags":[],"class_list":["post-41136","post","type-post","status-publish","format-standard","has-post-thumbnail","hentry","category-artigos"],"_links":{"self":[{"href":"https:\/\/catolicanet.net\/wp-cnet\/wp-json\/wp\/v2\/posts\/41136","targetHints":{"allow":["GET"]}}],"collection":[{"href":"https:\/\/catolicanet.net\/wp-cnet\/wp-json\/wp\/v2\/posts"}],"about":[{"href":"https:\/\/catolicanet.net\/wp-cnet\/wp-json\/wp\/v2\/types\/post"}],"author":[{"embeddable":true,"href":"https:\/\/catolicanet.net\/wp-cnet\/wp-json\/wp\/v2\/users\/6"}],"replies":[{"embeddable":true,"href":"https:\/\/catolicanet.net\/wp-cnet\/wp-json\/wp\/v2\/comments?post=41136"}],"version-history":[{"count":1,"href":"https:\/\/catolicanet.net\/wp-cnet\/wp-json\/wp\/v2\/posts\/41136\/revisions"}],"predecessor-version":[{"id":41139,"href":"https:\/\/catolicanet.net\/wp-cnet\/wp-json\/wp\/v2\/posts\/41136\/revisions\/41139"}],"wp:featuredmedia":[{"embeddable":true,"href":"https:\/\/catolicanet.net\/wp-cnet\/wp-json\/wp\/v2\/media\/32779"}],"wp:attachment":[{"href":"https:\/\/catolicanet.net\/wp-cnet\/wp-json\/wp\/v2\/media?parent=41136"}],"wp:term":[{"taxonomy":"category","embeddable":true,"href":"https:\/\/catolicanet.net\/wp-cnet\/wp-json\/wp\/v2\/categories?post=41136"},{"taxonomy":"post_tag","embeddable":true,"href":"https:\/\/catolicanet.net\/wp-cnet\/wp-json\/wp\/v2\/tags?post=41136"}],"curies":[{"name":"wp","href":"https:\/\/api.w.org\/{rel}","templated":true}]}}