{"id":4113,"date":"2014-01-30T17:25:04","date_gmt":"2014-01-30T19:25:04","guid":{"rendered":"http:\/\/catolicanet.net\/wp-cnet\/francisco-a-universidade-qnotre-dameq-eua-coragem-na-defesa-da-identidade-catolica\/"},"modified":"2017-04-04T10:23:12","modified_gmt":"2017-04-04T13:23:12","slug":"francisco-a-universidade-qnotre-dameq-eua-coragem-na-defesa-da-identidade-catolica","status":"publish","type":"post","link":"https:\/\/catolicanet.net\/wp-cnet\/francisco-a-universidade-qnotre-dameq-eua-coragem-na-defesa-da-identidade-catolica\/","title":{"rendered":"Francisco \u00e0 Universidade &#8220;Notre Dame&#8221;, EUA: coragem na defesa da identidade cat\u00f3lica"},"content":{"rendered":"<p style=\"text-align: justify;\"><img decoding=\"async\" src=\"http:\/\/www.catolicanet.com.br\/images\/stories\/franciscoauniversidade.jpg\" border=\"0\" align=\"left\" \/>O Santo Padre recebeu em audi\u00eancia ao meio-dia desta quinta-feira, na Sala Clementina, no Vaticano, uma delega\u00e7\u00e3o da Universidade Cat\u00f3lica &#8220;Notre Dame&#8221;, proveniente do estado de Indiana, EUA, por ocasi\u00e3o da inaugura\u00e7\u00e3o, em Roma, de uma nova sede do Ateneu. O Papa Francisco manifestou seu agradecimento ao Conselho diretivo da institui\u00e7\u00e3o acad\u00eamica, fundada em 1842 por Pe. Edward Sorin, membro da Congrega\u00e7\u00e3o da Santa Cruz:<\/p>\n<p><strong>&#8220;Desde a sua funda\u00e7\u00e3o, a Universidade Notre Dame deu uma not\u00e1vel contribui\u00e7\u00e3o para a Igreja no pa\u00eds de voc\u00eas, com o seu empenho na educa\u00e7\u00e3o religiosa dos jovens e no ensinamento de um saber inspirado pela confian\u00e7a na harmonia entre f\u00e9 e raz\u00e3o na busca da verdade e da retid\u00e3o.&#8221;<\/strong><\/p>\n<p>Um empenho relan\u00e7ado agora com a abertura da sede romana do Ateneu, ocasi\u00e3o para os estudantes \u2013 observou o Bispo de Roma \u2013 entrarem em contato com &#8220;as riquezas hist\u00f3ricas, culturais e espirituais da Cidade Eterna&#8221;, &#8220;abrindo suas mentes e cora\u00e7\u00f5es&#8221; para a continuidade entre a f\u00e9 de Pedro e Paulo, dos confessores e m\u00e1rtires de todos os tempos, e a f\u00e9 &#8220;a eles transmitida em suas fam\u00edlias, nas escolas e nas par\u00f3quias&#8221;.<\/p>\n<p>Recordamos que em anos recentes a Universidade Notre Dame suscitou amplo debate no \u00e2mbito acad\u00eamico cat\u00f3lico, por em 2009 ter concedido o t\u00edtulo de Doutor Honoris Causa em Direito ao presidente estadunidense Obama, apesar de sua posi\u00e7\u00e3o pol\u00edtica em favor do aborto.<\/p>\n<p>A inspira\u00e7\u00e3o que conduziu Pe. Edward Sorin permanece central, nas transformadas circunst\u00e2ncias do S\u00e9c. XXI, para a identidade que caracteriza a Universidade e o seu servi\u00e7o \u00e0 Igreja e \u00e0 sociedade estadunidense, ressaltou o Papa.<br \/><strong><br \/>&#8220;A esse respeito, \u00e9 essencial um corajoso testemunho das Universidades cat\u00f3licas no \u00e2mbito do ensinamento moral da Igreja e da defesa da liberdade de manter tais ensinamentos.&#8221;<\/strong><\/p>\n<p>Ensinamentos &#8220;proclamados \u2013 recordou o Papa Francisco \u2013 com autoridade pelo Magist\u00e9rio dos Pastores&#8221;, &#8220;nas e atrav\u00e9s das institui\u00e7\u00f5es formativas da Igreja&#8221;.<\/p>\n<p><strong>&#8220;Fa\u00e7o votos de que a Universidade Notre Dame continue oferecendo o seu indispens\u00e1vel e inquivoc\u00e1vel testemunho a esse aspecto da sua fundamental identidade cat\u00f3lica, especialmente diante das tentativas, de onde quer que venham, de dilu\u00ed-la.&#8221;<\/strong><\/p>\n<p style=\"text-align: justify;\">\u00a0<\/p>\n<p style=\"text-align: justify;\"><strong>Local: Cidade do Vaticano<br \/>Fonte: R\u00e1dio Vaticano<\/strong><\/p>\n","protected":false},"excerpt":{"rendered":"<p>O Santo Padre recebeu em audi\u00eancia ao meio-dia desta quinta-feira, na Sala Clementina, no Vaticano, uma delega\u00e7\u00e3o da Universidade Cat\u00f3lica &#8220;Notre Dame&#8221;, proveniente do estado de Indiana, EUA, por ocasi\u00e3o da inaugura\u00e7\u00e3o, em Roma, de uma nova sede do Ateneu. O Papa Francisco manifestou seu agradecimento ao Conselho diretivo da institui\u00e7\u00e3o acad\u00eamica, fundada em 1842 [&hellip;]<\/p>\n","protected":false},"author":1,"featured_media":4112,"comment_status":"closed","ping_status":"closed","sticky":false,"template":"","format":"standard","meta":{"footnotes":""},"categories":[3],"tags":[],"class_list":["post-4113","post","type-post","status-publish","format-standard","has-post-thumbnail","hentry","category-vaticano"],"_links":{"self":[{"href":"https:\/\/catolicanet.net\/wp-cnet\/wp-json\/wp\/v2\/posts\/4113","targetHints":{"allow":["GET"]}}],"collection":[{"href":"https:\/\/catolicanet.net\/wp-cnet\/wp-json\/wp\/v2\/posts"}],"about":[{"href":"https:\/\/catolicanet.net\/wp-cnet\/wp-json\/wp\/v2\/types\/post"}],"author":[{"embeddable":true,"href":"https:\/\/catolicanet.net\/wp-cnet\/wp-json\/wp\/v2\/users\/1"}],"replies":[{"embeddable":true,"href":"https:\/\/catolicanet.net\/wp-cnet\/wp-json\/wp\/v2\/comments?post=4113"}],"version-history":[{"count":1,"href":"https:\/\/catolicanet.net\/wp-cnet\/wp-json\/wp\/v2\/posts\/4113\/revisions"}],"predecessor-version":[{"id":8926,"href":"https:\/\/catolicanet.net\/wp-cnet\/wp-json\/wp\/v2\/posts\/4113\/revisions\/8926"}],"wp:featuredmedia":[{"embeddable":true,"href":"https:\/\/catolicanet.net\/wp-cnet\/wp-json\/wp\/v2\/media\/4112"}],"wp:attachment":[{"href":"https:\/\/catolicanet.net\/wp-cnet\/wp-json\/wp\/v2\/media?parent=4113"}],"wp:term":[{"taxonomy":"category","embeddable":true,"href":"https:\/\/catolicanet.net\/wp-cnet\/wp-json\/wp\/v2\/categories?post=4113"},{"taxonomy":"post_tag","embeddable":true,"href":"https:\/\/catolicanet.net\/wp-cnet\/wp-json\/wp\/v2\/tags?post=4113"}],"curies":[{"name":"wp","href":"https:\/\/api.w.org\/{rel}","templated":true}]}}