{"id":4111,"date":"2014-01-30T15:56:45","date_gmt":"2014-01-30T17:56:45","guid":{"rendered":"http:\/\/catolicanet.net\/wp-cnet\/cimi-denuncia-novo-ataque-da-policia-contra-indios-na-bahia\/"},"modified":"2017-04-04T10:23:52","modified_gmt":"2017-04-04T13:23:52","slug":"cimi-denuncia-novo-ataque-da-policia-contra-indios-na-bahia","status":"publish","type":"post","link":"https:\/\/catolicanet.net\/wp-cnet\/cimi-denuncia-novo-ataque-da-policia-contra-indios-na-bahia\/","title":{"rendered":"CIMI denuncia novo ataque da Pol\u00edcia contra \u00edndios na Bahia"},"content":{"rendered":"<p style=\"text-align: justify;\"><img decoding=\"async\" src=\"http:\/\/www.catolicanet.com.br\/images\/stories\/conselhoindigeniostamissionario.jpg\" border=\"0\" align=\"left\" \/>Um grupo de agentes da Pol\u00edcia Federal (PF) disparou na madrugada desta quarta-feira contra \u00edndios Tupinamb\u00e1s que vivem em Buerarema, na Bahia, denunciou nesta quarta-feira o Conselho Indigenista Mission\u00e1rio (Cimi), organismo religioso que luta pelos direitos dos ind\u00edgenas do pa\u00eds.<\/p>\n<p>O tiroteio aconteceu depois dos protestos e da resist\u00eancia exercida pelos \u00edndios \u00e0 instala\u00e7\u00e3o de um posto de controle da Pol\u00edcia Federal no s\u00edtio Sempre Viva, cujas terras s\u00e3o reivindicadas pelos ind\u00edgenas como pr\u00f3prias desde 2009, disseram \u00e0 Ag\u00eancia Efe porta-vozes do Cimi.<\/p>\n<p>A Funda\u00e7\u00e3o Nacional do \u00cdndio (Funai) declarou em 2009 a regi\u00e3o onde os policiais instalaram a base como &#8220;territ\u00f3rio tradicional ind\u00edgena&#8221;, embora ainda n\u00e3o concluiu o processo de demarca\u00e7\u00e3o, fundamental para o reconhecimento dos direitos dos \u00edndios sobre o territ\u00f3rio, assegurou o Cimi em comunicado.<\/p>\n<p>De acordo com a diretora da escola ind\u00edgena da regi\u00e3o, Magn\u00f3lia Jesus da Silva, que \u00e9 \u00edndia e membro da tribo atingida, o tiroteio representa &#8220;\u00e0 volta da ditadura no Brasil&#8221;.<\/p>\n<p>Em declara\u00e7\u00f5es \u00e0 Efe, Magn\u00f3lia afirmou que &#8220;a pol\u00edcia est\u00e1 contratada para matar&#8221;, e acrescentou que &#8220;25 homens dispararam e atiraram granadas at\u00e9 \u00e0s 4 horas&#8221;.<\/p>\n<p>&#8220;Hoje, est\u00e3o chegando mais 60 policiais para continuar com o massacre nesta noite&#8221;, acrescentou a professora.<\/p>\n<p style=\"text-align: justify;\">\u00a0<\/p>\n<p style=\"text-align: justify;\"><strong>Local: Bras\u00edlia\u00a0 (DF)<br \/>Fonte: R\u00e1dio Vaticano<\/strong><\/p>\n","protected":false},"excerpt":{"rendered":"<p>Um grupo de agentes da Pol\u00edcia Federal (PF) disparou na madrugada desta quarta-feira contra \u00edndios Tupinamb\u00e1s que vivem em Buerarema, na Bahia, denunciou nesta quarta-feira o Conselho Indigenista Mission\u00e1rio (Cimi), organismo religioso que luta pelos direitos dos ind\u00edgenas do pa\u00eds. O tiroteio aconteceu depois dos protestos e da resist\u00eancia exercida pelos \u00edndios \u00e0 instala\u00e7\u00e3o de [&hellip;]<\/p>\n","protected":false},"author":1,"featured_media":1831,"comment_status":"closed","ping_status":"closed","sticky":false,"template":"","format":"standard","meta":{"footnotes":""},"categories":[3],"tags":[],"class_list":["post-4111","post","type-post","status-publish","format-standard","has-post-thumbnail","hentry","category-vaticano"],"_links":{"self":[{"href":"https:\/\/catolicanet.net\/wp-cnet\/wp-json\/wp\/v2\/posts\/4111","targetHints":{"allow":["GET"]}}],"collection":[{"href":"https:\/\/catolicanet.net\/wp-cnet\/wp-json\/wp\/v2\/posts"}],"about":[{"href":"https:\/\/catolicanet.net\/wp-cnet\/wp-json\/wp\/v2\/types\/post"}],"author":[{"embeddable":true,"href":"https:\/\/catolicanet.net\/wp-cnet\/wp-json\/wp\/v2\/users\/1"}],"replies":[{"embeddable":true,"href":"https:\/\/catolicanet.net\/wp-cnet\/wp-json\/wp\/v2\/comments?post=4111"}],"version-history":[{"count":1,"href":"https:\/\/catolicanet.net\/wp-cnet\/wp-json\/wp\/v2\/posts\/4111\/revisions"}],"predecessor-version":[{"id":8927,"href":"https:\/\/catolicanet.net\/wp-cnet\/wp-json\/wp\/v2\/posts\/4111\/revisions\/8927"}],"wp:featuredmedia":[{"embeddable":true,"href":"https:\/\/catolicanet.net\/wp-cnet\/wp-json\/wp\/v2\/media\/1831"}],"wp:attachment":[{"href":"https:\/\/catolicanet.net\/wp-cnet\/wp-json\/wp\/v2\/media?parent=4111"}],"wp:term":[{"taxonomy":"category","embeddable":true,"href":"https:\/\/catolicanet.net\/wp-cnet\/wp-json\/wp\/v2\/categories?post=4111"},{"taxonomy":"post_tag","embeddable":true,"href":"https:\/\/catolicanet.net\/wp-cnet\/wp-json\/wp\/v2\/tags?post=4111"}],"curies":[{"name":"wp","href":"https:\/\/api.w.org\/{rel}","templated":true}]}}