{"id":41102,"date":"2018-05-28T14:41:30","date_gmt":"2018-05-28T17:41:30","guid":{"rendered":"http:\/\/catolicanet.net\/wp-cnet\/?p=41102"},"modified":"2018-05-28T14:41:30","modified_gmt":"2018-05-28T17:41:30","slug":"pastorais-sociais-promovem-continuidade-das-acoes-evangelizadoras","status":"publish","type":"post","link":"https:\/\/catolicanet.net\/wp-cnet\/pastorais-sociais-promovem-continuidade-das-acoes-evangelizadoras\/","title":{"rendered":"Pastorais Sociais promovem continuidade das a\u00e7\u00f5es evangelizadoras"},"content":{"rendered":"<p style=\"text-align: justify;\">As Pastorais Sociais do Regional Norte 1 &#8211; CNBB realizar\u00e3o no per\u00edodo de 14 a 17 de junho,\u00a0no Centro de Treinamento Maromba, em Manaus, um semin\u00e1rio com o objetivo de aprimorar a pr\u00e1xis da incid\u00eancia pol\u00edtica que os\/as agentes das Pastorais Sociais, Organismos e Setor da Mobilidade Humana j\u00e1 realizam, aprofundando conceitos, questionando as pr\u00e1ticas, articulando novas atua\u00e7\u00f5es e planejando os repasses do que for aprendido, fermentando, assim, valores do Reino de Deus no cora\u00e7\u00e3o da sociedade na perspectiva de Igreja em sa\u00edda.<\/p>\n<p>O encontro dar\u00e1 continuidade \u00e0s Diretrizes da A\u00e7\u00e3o Evangelizadora do Regional Norte 1, e \u00e0s urg\u00eancias, executando as pistas de<br \/>\na\u00e7\u00e3o:<br \/>\n1) Articular as pastorais sociais de modo org\u00e2nico, integral, e estrutural em vista da defesa da vida em todas as suas express\u00f5es;<br \/>\n2) Incentivar a participa\u00e7\u00e3o nos conselhos parit\u00e1rios de pol\u00edticas publicas e formar pessoas para esta atua\u00e7\u00e3o, com consci\u00eancia critica, coragem e exercendo o profetismo.<\/p>\n<div style=\"text-align: justify;\">Segundo a coordena\u00e7\u00e3o do evento, haver\u00e3o dois momentos de encontros, dias 14 e 15 ser\u00e3o tratadas quest\u00f5es referentes \u00e0 caminhada, ao grito dos exclu\u00eddos, \u00e0s elei\u00e7\u00f5es 2018 e s\u00ednodo para a Amaz\u00f4nia. Dias 15 a noite a 17 at\u00e9 o almo\u00e7o \u2013 acontecer\u00e1 o semin\u00e1rio com oficinas de incid\u00eancia Pol\u00edtica. Contaremos com a assessoria da Comiss\u00e3o das Pastorais Sociais da CNBB.<\/div>\n<p style=\"text-align: justify;\">\nDevem participar representantes das Prelazias e Dioceses e Arquidiocese, sendo que estes precisam estar atuando nas pastorais sociais e na incid\u00eancia pol\u00edtica; as coordena\u00e7\u00f5es das pastorais sociais no \u00e2mbito do Regional (coordenadores, vice-cordenadores, secret\u00e1rios, tesoureiros) e\u00a0 os articuladores.<\/p>\n","protected":false},"excerpt":{"rendered":"<p>As Pastorais Sociais do Regional Norte 1 &#8211; CNBB realizar\u00e3o no per\u00edodo de 14 a 17 de junho,\u00a0no Centro de Treinamento Maromba, em Manaus, um semin\u00e1rio com o objetivo de aprimorar a pr\u00e1xis da incid\u00eancia pol\u00edtica que os\/as agentes das Pastorais Sociais, Organismos e Setor da Mobilidade Humana j\u00e1 realizam, aprofundando conceitos, questionando as pr\u00e1ticas, [&hellip;]<\/p>\n","protected":false},"author":1,"featured_media":41103,"comment_status":"open","ping_status":"closed","sticky":false,"template":"","format":"standard","meta":{"footnotes":""},"categories":[7],"tags":[],"class_list":["post-41102","post","type-post","status-publish","format-standard","has-post-thumbnail","hentry","category-cnbb"],"_links":{"self":[{"href":"https:\/\/catolicanet.net\/wp-cnet\/wp-json\/wp\/v2\/posts\/41102","targetHints":{"allow":["GET"]}}],"collection":[{"href":"https:\/\/catolicanet.net\/wp-cnet\/wp-json\/wp\/v2\/posts"}],"about":[{"href":"https:\/\/catolicanet.net\/wp-cnet\/wp-json\/wp\/v2\/types\/post"}],"author":[{"embeddable":true,"href":"https:\/\/catolicanet.net\/wp-cnet\/wp-json\/wp\/v2\/users\/1"}],"replies":[{"embeddable":true,"href":"https:\/\/catolicanet.net\/wp-cnet\/wp-json\/wp\/v2\/comments?post=41102"}],"version-history":[{"count":1,"href":"https:\/\/catolicanet.net\/wp-cnet\/wp-json\/wp\/v2\/posts\/41102\/revisions"}],"predecessor-version":[{"id":41104,"href":"https:\/\/catolicanet.net\/wp-cnet\/wp-json\/wp\/v2\/posts\/41102\/revisions\/41104"}],"wp:featuredmedia":[{"embeddable":true,"href":"https:\/\/catolicanet.net\/wp-cnet\/wp-json\/wp\/v2\/media\/41103"}],"wp:attachment":[{"href":"https:\/\/catolicanet.net\/wp-cnet\/wp-json\/wp\/v2\/media?parent=41102"}],"wp:term":[{"taxonomy":"category","embeddable":true,"href":"https:\/\/catolicanet.net\/wp-cnet\/wp-json\/wp\/v2\/categories?post=41102"},{"taxonomy":"post_tag","embeddable":true,"href":"https:\/\/catolicanet.net\/wp-cnet\/wp-json\/wp\/v2\/tags?post=41102"}],"curies":[{"name":"wp","href":"https:\/\/api.w.org\/{rel}","templated":true}]}}