{"id":41074,"date":"2018-05-24T13:08:25","date_gmt":"2018-05-24T16:08:25","guid":{"rendered":"http:\/\/catolicanet.net\/wp-cnet\/?p=41074"},"modified":"2018-05-24T15:07:05","modified_gmt":"2018-05-24T18:07:05","slug":"presidentes-de-comissoes-e-representantes-de-organismos-apresentam-atividades","status":"publish","type":"post","link":"https:\/\/catolicanet.net\/wp-cnet\/presidentes-de-comissoes-e-representantes-de-organismos-apresentam-atividades\/","title":{"rendered":"Presidentes de Comiss\u00f5es e representantes de organismos apresentam atividades"},"content":{"rendered":"<p style=\"text-align: justify;\">Na tarde desta quarta-feira, 23 de maio, finalizando a reuni\u00e3o do Conselho Episcopal Pastoral da Confer\u00eancia Nacional dos Bispos do Brasil (CNBB), continuaram as comunica\u00e7\u00f5es de atividades e iniciativas das Comiss\u00f5es Episcopais Pastorais. Os representantes de organismos eclesiais tamb\u00e9m expuseram a\u00e7\u00f5es que ganharam destaque nos \u00faltimos meses ou que est\u00e3o em prepara\u00e7\u00e3o.<\/p>\n<p style=\"text-align: justify;\">O bispo de Lages (SC), dom Guilherme Werlang, falou sobre a prepara\u00e7\u00e3o de uma poss\u00edvel 6\u00aa Semana Social Brasileira, que contar\u00e1 com uma consulta aos regionais da CNBB. Tamb\u00e9m citou o encontro de estudos com bispos que acompanham as Pastorais Sociais, marcado para julho, com o tema \u201cMedell\u00edn e os leigos na Igreja\u201d. Outra a\u00e7\u00e3o \u00e9 a aproxima\u00e7\u00e3o dos regionais da CNBB na prepara\u00e7\u00e3o do Grito dos Exclu\u00eddos, junto com o secretariado que prepara as a\u00e7\u00f5es para o dia 7 de setembro anualmente.<\/p>\n<div id=\"attachment_192629\" class=\"wp-caption alignright\" style=\"text-align: justify;\"><img loading=\"lazy\" decoding=\"async\" class=\" wp-image-192629\" src=\"http:\/\/www.cnbb.org.br\/wp-content\/uploads\/sites\/32\/2018\/05\/Semin%C3%A1rio-CRB-300x200.jpg\" srcset=\"http:\/\/www.cnbb.org.br\/wp-content\/uploads\/sites\/32\/2018\/05\/Semin\u00e1rio-CRB-300x200.jpg 300w, http:\/\/www.cnbb.org.br\/wp-content\/uploads\/sites\/32\/2018\/05\/Semin\u00e1rio-CRB-768x512.jpg 768w, http:\/\/www.cnbb.org.br\/wp-content\/uploads\/sites\/32\/2018\/05\/Semin\u00e1rio-CRB.jpg 960w\" alt=\"\" width=\"327\" height=\"218\" \/><\/p>\n<p class=\"wp-caption-text\"><em>Religiosos em momento de confraterniza\u00e7\u00e3o durante semin\u00e1rio, em Aparecida | Foto: Mil\u00edcia da Imaculada\/Renan Kazuo<\/em><\/p>\n<\/div>\n<p style=\"text-align: justify;\">A presidente da Confer\u00eancia dos Religiosos do Brasil (CRB), irm\u00e3 Maria In\u00eas Ribeiro, recordou o Semin\u00e1rio Nacional da Vida Religiosa Consagrada, realizado em Aparecida (SP), no in\u00edcio deste m\u00eas, que reuniu 600 religiosos de todo o Brasil. Ela chamou aten\u00e7\u00e3o para a prepara\u00e7\u00e3o do 3\u00ba Semin\u00e1rio de Formadores do Cone-Sul, que tratar\u00e1 da interculturalidade, e do primeiro Encontro Nacional dos Religiosos Presb\u00edteros, marcado para setembro.<\/p>\n<p style=\"text-align: justify;\">Tamb\u00e9m recordando um evento nacional, o presidente da Comiss\u00e3o Nacional dos Presb\u00edteros (CNP), padre Jos\u00e9 Adelson da Silva Rodrigues, destacou as reflex\u00f5es do 17\u00ba Encontro Nacional dos Presb\u00edteros, tamb\u00e9m realizado em Aparecida (SP). O material utilizado no evento, com assessoria do padre Paulo S\u00e9rgio Carrara, est\u00e1 dispon\u00edvel para ser encaminhado por e-mail.<\/p>\n<div id=\"attachment_192624\" class=\"wp-caption alignleft\" style=\"text-align: justify;\"><img loading=\"lazy\" decoding=\"async\" class=\"wp-image-192624 size-medium\" src=\"http:\/\/www.cnbb.org.br\/wp-content\/uploads\/sites\/32\/2018\/05\/consep-22-maio-18-Mandela-300x200.jpg\" srcset=\"http:\/\/www.cnbb.org.br\/wp-content\/uploads\/sites\/32\/2018\/05\/consep-22-maio-18-Mandela-300x200.jpg 300w, http:\/\/www.cnbb.org.br\/wp-content\/uploads\/sites\/32\/2018\/05\/consep-22-maio-18-Mandela-768x512.jpg 768w, http:\/\/www.cnbb.org.br\/wp-content\/uploads\/sites\/32\/2018\/05\/consep-22-maio-18-Mandela-1024x682.jpg 1024w, http:\/\/www.cnbb.org.br\/wp-content\/uploads\/sites\/32\/2018\/05\/consep-22-maio-18-Mandela.jpg 1124w\" alt=\"\" width=\"300\" height=\"200\" \/><\/p>\n<p class=\"wp-caption-text\"><em>Luiz Cl\u00e1udio Mandela fala aos bispos no Consep | Foto: CNBB\/Matheus de Souza<\/em><\/p>\n<\/div>\n<p style=\"text-align: justify;\">Luiz Cl\u00e1udio Mandela, diretor-executivo da C\u00e1ritas Brasileira, falou sobre a prepara\u00e7\u00e3o para a 33\u00aa Semana dos Migrantes, de 17 a 24 de junho, e para o Congresso Internacional sobre Migra\u00e7\u00e3o, com participa\u00e7\u00e3o do presidente da C\u00e1ritas Internacional, cardeal Luis Antonio Tagle, e as movimenta\u00e7\u00f5es em torno da situa\u00e7\u00e3o dos migrantes venezuelanos em Roraima. Em Boa Vista (RR), foi criada, a pedido do bispo local, dom M\u00e1rio Ant\u00f4nio Silva, a C\u00e1ritas Diocesana, que tem contribu\u00eddo na acolhida e integra\u00e7\u00e3o daqueles que fogem da crise na Venezuela. Segundo Mandela, ap\u00f3s o resultado das elei\u00e7\u00f5es, a tend\u00eancia \u00e9 que aumente o n\u00famero de migrantes vindo ao Brasil.<\/p>\n<p style=\"text-align: justify;\">O assessor do Setor Universidades da Comiss\u00e3o Episcopal Pastoral para a Cultura e a Educa\u00e7\u00e3o, padre Danilo Pinto, apresentou as a\u00e7\u00f5es da comiss\u00e3o nos setores Universidades, Cultura, Ensino Religioso e Pastoral da Educa\u00e7\u00e3o. Padre Marcus Barbosa, assessor da Comiss\u00e3o para o Ecumenismo e o Di\u00e1logo Inter-religioso, recordou as movimenta\u00e7\u00f5es em torno da Semana de Ora\u00e7\u00e3o pela Unidade Crist\u00e3 e a realiza\u00e7\u00e3o, em breve, da assembleia eletiva da Coordenadoria Ecum\u00eanica de Servi\u00e7o (CESE).<\/p>\n<p style=\"text-align: justify;\">J\u00e1 o coordenador nacional adjunto da Pastoral da Crian\u00e7a, Nelson Arns Neumann, citou eventos, como o encontro de bispos respons\u00e1veis pela Pastoral nos regionais e um encontro com candidatos, principalmente postulantes ao Planalto, sobre saneamento b\u00e1sico, preparado em parceria com o movimento Trata Brasil previsto para agosto.<br \/>\nOs presidentes das Comiss\u00f5es para o Laicato e para a Doutrina da F\u00e9 tamb\u00e9m fizerem interven\u00e7\u00f5es.<\/p>\n","protected":false},"excerpt":{"rendered":"<p>Na tarde desta quarta-feira, 23 de maio, finalizando a reuni\u00e3o do Conselho Episcopal Pastoral da Confer\u00eancia Nacional dos Bispos do Brasil (CNBB), continuaram as comunica\u00e7\u00f5es de atividades e iniciativas das Comiss\u00f5es Episcopais Pastorais. Os representantes de organismos eclesiais tamb\u00e9m expuseram a\u00e7\u00f5es que ganharam destaque nos \u00faltimos meses ou que est\u00e3o em prepara\u00e7\u00e3o. O bispo de [&hellip;]<\/p>\n","protected":false},"author":1,"featured_media":41075,"comment_status":"open","ping_status":"closed","sticky":false,"template":"","format":"standard","meta":{"footnotes":""},"categories":[7],"tags":[],"class_list":["post-41074","post","type-post","status-publish","format-standard","has-post-thumbnail","hentry","category-cnbb"],"_links":{"self":[{"href":"https:\/\/catolicanet.net\/wp-cnet\/wp-json\/wp\/v2\/posts\/41074","targetHints":{"allow":["GET"]}}],"collection":[{"href":"https:\/\/catolicanet.net\/wp-cnet\/wp-json\/wp\/v2\/posts"}],"about":[{"href":"https:\/\/catolicanet.net\/wp-cnet\/wp-json\/wp\/v2\/types\/post"}],"author":[{"embeddable":true,"href":"https:\/\/catolicanet.net\/wp-cnet\/wp-json\/wp\/v2\/users\/1"}],"replies":[{"embeddable":true,"href":"https:\/\/catolicanet.net\/wp-cnet\/wp-json\/wp\/v2\/comments?post=41074"}],"version-history":[{"count":1,"href":"https:\/\/catolicanet.net\/wp-cnet\/wp-json\/wp\/v2\/posts\/41074\/revisions"}],"predecessor-version":[{"id":41076,"href":"https:\/\/catolicanet.net\/wp-cnet\/wp-json\/wp\/v2\/posts\/41074\/revisions\/41076"}],"wp:featuredmedia":[{"embeddable":true,"href":"https:\/\/catolicanet.net\/wp-cnet\/wp-json\/wp\/v2\/media\/41075"}],"wp:attachment":[{"href":"https:\/\/catolicanet.net\/wp-cnet\/wp-json\/wp\/v2\/media?parent=41074"}],"wp:term":[{"taxonomy":"category","embeddable":true,"href":"https:\/\/catolicanet.net\/wp-cnet\/wp-json\/wp\/v2\/categories?post=41074"},{"taxonomy":"post_tag","embeddable":true,"href":"https:\/\/catolicanet.net\/wp-cnet\/wp-json\/wp\/v2\/tags?post=41074"}],"curies":[{"name":"wp","href":"https:\/\/api.w.org\/{rel}","templated":true}]}}