{"id":41047,"date":"2018-05-23T11:42:22","date_gmt":"2018-05-23T14:42:22","guid":{"rendered":"http:\/\/catolicanet.net\/wp-cnet\/?p=41047"},"modified":"2018-05-23T15:46:47","modified_gmt":"2018-05-23T18:46:47","slug":"papa-com-o-sacramento-da-crisma-ser-sal-e-luz-do-mundo","status":"publish","type":"post","link":"https:\/\/catolicanet.net\/wp-cnet\/papa-com-o-sacramento-da-crisma-ser-sal-e-luz-do-mundo\/","title":{"rendered":"Papa: com o Sacramento da Crisma ser sal e luz do mundo"},"content":{"rendered":"<div class=\"article__subTitle\" style=\"text-align: justify;\">O Pont\u00edfice deu in\u00edcio a um novo ciclo de catequeses, desta vez dedicado ao Sacramento da Confirma\u00e7\u00e3o.<\/div>\n<div class=\"title__separator\" style=\"text-align: justify;\"><\/div>\n<div class=\"article__text\">\n<p style=\"text-align: justify;\"><b>Bianca Fraccalvieri &#8211; Cidade do Vaticano<\/b><\/p>\n<p style=\"text-align: justify;\">Apesar do mau tempo, milhares de fi\u00e9is participaram com o Papa Francisco da Audi\u00eancia Geral desta quarta-feira (23\/05).<\/p>\n<p style=\"text-align: justify;\">Na Pra\u00e7a S. Pedro, os peregrinos ouviram o Pont\u00edfice iniciar um novo ciclo de catequeses, desta vez dedicado ao sacramento da Crisma, tamb\u00e9m chamado Confirma\u00e7\u00e3o, quando os fi\u00e9is recebem o dom do Esp\u00edrito Santo.<\/p>\n<h2 style=\"text-align: justify;\">Sal e luz do mundo<\/h2>\n<p style=\"text-align: justify;\">Aos seus disc\u00edpulos, Jesus confiou uma grande miss\u00e3o: ser sal da terra e luz do mundo. \u201cS\u00e3o imagens que nos levam a pensar no nosso comportamento, porque seja a car\u00eancia, seja o excesso de sal comprometem o alimento, assim como a falta ou excesso de luz impedem de ver\u201d, disse o Papa, acrescentando que somente o Esp\u00edrito de Cristo nos d\u00e1 o sabor e a luz que clareia o mundo.<\/p>\n<p style=\"text-align: justify;\">Este dom \u00e9 recebido justamente no Sacramento da Confirma\u00e7\u00e3o. \u201cConfirma\u00e7\u00e3o porque confirma o Batismo e refor\u00e7a a sua gra\u00e7a; assim tamb\u00e9m \u201cCrisma\u201d porque recebemos o Esp\u00edrito mediante a un\u00e7\u00e3o com o \u201ccrisma\u201d \u2013 \u00f3leo consagrado pelo Bispo \u2013 termo que remete a \u201cCristo\u201d, o Ungido pelo Esp\u00edrito.<\/p>\n<h2 style=\"text-align: justify;\">Nada podemos sem o Esp\u00edrito Santo<\/h2>\n<p style=\"text-align: justify;\">Renascer para a vida divina no Batismo \u00e9 o primeiro passo, explicou o Papa, depois \u00e9 preciso se comportar como filhos de Deus, ou seja, conformar-se ao Cristo que atua na santa Igreja.<\/p>\n<p style=\"text-align: justify;\">\u201cSem a for\u00e7a do Esp\u00edrito Santo n\u00e3o podemos fazer nada. Assim como toda a vida de Jesus foi animada pelo Esp\u00edrito, assim tamb\u00e9m a vida da Igreja e de cada seu membro est\u00e1 sob a guia do mesmo Esp\u00edrito.\u201d<\/p>\n<h2 style=\"text-align: justify;\">A carteira de identidade de Cristo<\/h2>\n<p style=\"text-align: justify;\">Francisco ressaltou o modo com o qual Jesus se apresenta na sinagoga de Nazar\u00e9, a sua a carteira de identidade, isto \u00e9, Ungido pelo Esp\u00edrito. \u00abO Esp\u00edrito do Senhor est\u00e1 sobre mim; por isso me consagrou com a un\u00e7\u00e3o e me enviou a levar aos pobres o alegre an\u00fancio \u00bb (Lc 4,18).<\/p>\n<p>O \u201cRespiro\u201d do Cristo Ressuscitado enche de vida os pulm\u00f5es da Igreja. Pentecostes \u00e9 para a Igreja aquilo que para Cristo foi a un\u00e7\u00e3o do Esp\u00edrito recebida no Jord\u00e3o, isto \u00e9, o impulso mission\u00e1rio a viver a vida pela santifica\u00e7\u00e3o dos homens, a gl\u00f3ria de Deus.<\/p>\n<h2 style=\"text-align: justify;\">Deixar-se guiar pelo Esp\u00edrito<\/h2>\n<p style=\"text-align: justify;\">No momento de fazer a un\u00e7\u00e3o, explicou ainda Francisco, o bispo diz estas palavras: \u201cReceba o Esp\u00edrito Santo que lhe foi confiado como dom\u201d.<\/p>\n<p style=\"text-align: justify;\">\u201c\u00c9 o grande dom de Deus\u201d, finalizou o Pont\u00edfice. \u201cTodos n\u00f3s temos o Esp\u00edrito dentro, o Esp\u00edrito est\u00e1 no nosso cora\u00e7\u00e3o, na nossa alma. E o Esp\u00edrito nos guia para que nos tornemos sal e luz na medida certa aos homens. O testemunho crist\u00e3o consiste em fazer somente e tudo aquilo que o Esp\u00edrito de Cristo nos pede, concedendo-nos a gra\u00e7a de o realizar.\u201d<\/p>\n<p><iframe loading=\"lazy\" width=\"696\" height=\"392\" src=\"https:\/\/www.youtube.com\/embed\/14ME6qm-zps?feature=oembed\" frameborder=\"0\" allow=\"autoplay; encrypted-media\" allowfullscreen><\/iframe><\/p>\n<p>Ou\u00e7a a reportagem com a voz do Papa Francisco:<\/p>\n<audio class=\"wp-audio-shortcode\" id=\"audio-41047-1\" preload=\"none\" style=\"width: 100%;\" controls=\"controls\"><source type=\"audio\/mpeg\" src=\"https:\/\/media.vaticannews.va\/media\/audio\/s1\/2018\/5\/23\/11\/134445891_F134445891.mp3?_=1\" \/><a href=\"https:\/\/media.vaticannews.va\/media\/audio\/s1\/2018\/5\/23\/11\/134445891_F134445891.mp3\">https:\/\/media.vaticannews.va\/media\/audio\/s1\/2018\/5\/23\/11\/134445891_F134445891.mp3<\/a><\/audio>\n<p>&nbsp;<\/p>\n<\/div>\n","protected":false},"excerpt":{"rendered":"<p>O Pont\u00edfice deu in\u00edcio a um novo ciclo de catequeses, desta vez dedicado ao Sacramento da Confirma\u00e7\u00e3o. Bianca Fraccalvieri &#8211; Cidade do Vaticano Apesar do mau tempo, milhares de fi\u00e9is participaram com o Papa Francisco da Audi\u00eancia Geral desta quarta-feira (23\/05). Na Pra\u00e7a S. Pedro, os peregrinos ouviram o Pont\u00edfice iniciar um novo ciclo de [&hellip;]<\/p>\n","protected":false},"author":1,"featured_media":39946,"comment_status":"open","ping_status":"closed","sticky":false,"template":"","format":"standard","meta":{"footnotes":""},"categories":[13,3],"tags":[],"class_list":["post-41047","post","type-post","status-publish","format-standard","has-post-thumbnail","hentry","category-featured","category-vaticano"],"_links":{"self":[{"href":"https:\/\/catolicanet.net\/wp-cnet\/wp-json\/wp\/v2\/posts\/41047","targetHints":{"allow":["GET"]}}],"collection":[{"href":"https:\/\/catolicanet.net\/wp-cnet\/wp-json\/wp\/v2\/posts"}],"about":[{"href":"https:\/\/catolicanet.net\/wp-cnet\/wp-json\/wp\/v2\/types\/post"}],"author":[{"embeddable":true,"href":"https:\/\/catolicanet.net\/wp-cnet\/wp-json\/wp\/v2\/users\/1"}],"replies":[{"embeddable":true,"href":"https:\/\/catolicanet.net\/wp-cnet\/wp-json\/wp\/v2\/comments?post=41047"}],"version-history":[{"count":2,"href":"https:\/\/catolicanet.net\/wp-cnet\/wp-json\/wp\/v2\/posts\/41047\/revisions"}],"predecessor-version":[{"id":41049,"href":"https:\/\/catolicanet.net\/wp-cnet\/wp-json\/wp\/v2\/posts\/41047\/revisions\/41049"}],"wp:featuredmedia":[{"embeddable":true,"href":"https:\/\/catolicanet.net\/wp-cnet\/wp-json\/wp\/v2\/media\/39946"}],"wp:attachment":[{"href":"https:\/\/catolicanet.net\/wp-cnet\/wp-json\/wp\/v2\/media?parent=41047"}],"wp:term":[{"taxonomy":"category","embeddable":true,"href":"https:\/\/catolicanet.net\/wp-cnet\/wp-json\/wp\/v2\/categories?post=41047"},{"taxonomy":"post_tag","embeddable":true,"href":"https:\/\/catolicanet.net\/wp-cnet\/wp-json\/wp\/v2\/tags?post=41047"}],"curies":[{"name":"wp","href":"https:\/\/api.w.org\/{rel}","templated":true}]}}