{"id":4104,"date":"2014-01-30T11:43:04","date_gmt":"2014-01-30T13:43:04","guid":{"rendered":"http:\/\/catolicanet.net\/wp-cnet\/evangelizacao-no-ambito-universitario-e-tema-de-encontro\/"},"modified":"2017-04-04T10:27:01","modified_gmt":"2017-04-04T13:27:01","slug":"evangelizacao-no-ambito-universitario-e-tema-de-encontro","status":"publish","type":"post","link":"https:\/\/catolicanet.net\/wp-cnet\/evangelizacao-no-ambito-universitario-e-tema-de-encontro\/","title":{"rendered":"Evangeliza\u00e7\u00e3o no \u00e2mbito universit\u00e1rio \u00e9 tema de encontro"},"content":{"rendered":"<p style=\"text-align: justify;\"><img decoding=\"async\" src=\"http:\/\/www.catolicanet.com.br\/images\/stories\/setoruniversidades.jpg\" border=\"0\" align=\"left\" \/>Colaboradores do Setor Universidades da CNBB est\u00e3o reunidos, em Belo Horizonte (MG), para avaliar as atividades realizadas no \u00faltimo ano e planejar novas linhas de a\u00e7\u00e3o e trabalho de evangeliza\u00e7\u00e3o no \u00e2mbito universit\u00e1rio do pa\u00eds. O encontro, organizado pelo Setor Universidades da Comiss\u00e3o Episcopal Pastoral para a Cultura e a Educa\u00e7\u00e3o, teve in\u00edcio ontem, 29, e prosseguir\u00e1 at\u00e9 domingo, 2.<\/p>\n<p>Participam do evento bispos, padres, religiosas, articuladores das pastorais universit\u00e1rias, movimentos eclesiais e universit\u00e1rios de diversos seguimentos. Estiveram presentes, no primeiro dia, o bispo auxiliar de Belo Horizonte (MG) e presidente da Comiss\u00e3o Episcopal Pastoral para a Cultura e Educa\u00e7\u00e3o, dom Joaquim Mol, e o bispo auxiliar de S\u00e3o Paulo e membro da mesma Comiss\u00e3o, dom Tarc\u00edsio Scaramussa. Os bispos propiciaram um momento de intera\u00e7\u00e3o entre o Setor Cultura e o Setor Universidades, que s\u00e3o parte da Comiss\u00e3o.<\/p>\n<p>De acordo com a assessora do Setor Universidades, da CNBB, irm\u00e3 Maria Eug\u00eania Lloris, o encontro \u00e9 um espa\u00e7o de di\u00e1logo e unidade entre todas as express\u00f5es evangelizadoras que envolvem as universidades e universit\u00e1rios espalhados pelo Brasil. \u201cQuando come\u00e7amos a pensar o evento, t\u00ednhamos, em especial, o desejo de formar uma maior comunidade entre todos os colaboradores e articuladores do Setor Universidades, para que juntos possamos aumentar essa rede de comunh\u00e3o, em que o principal objetivo \u00e9 o an\u00fancio de Jesus na pluralidade do mundo universit\u00e1rio\u201d, explica.<\/p>\n<p>Na ocasi\u00e3o, os participantes partilham experi\u00eancias das pastorais universit\u00e1rias e fazem uma reflex\u00e3o sobre o Estudo 102 da CNBB, \u201cO seguimento de Jesus e a a\u00e7\u00e3o evangelizadora no \u00e2mbito universit\u00e1rio\u201d.<\/p>\n<p>Fonte: Assessoria de Imprensa CNBB\/ Setor Universidades<br \/>Foto: Setor Universidades<\/p>\n<p style=\"text-align: justify;\">\u00a0<\/p>\n<p style=\"text-align: justify;\"><strong>Local: Bras\u00edlia (DF)<br \/>Fonte: CNBB<\/strong><\/p>\n","protected":false},"excerpt":{"rendered":"<p>Colaboradores do Setor Universidades da CNBB est\u00e3o reunidos, em Belo Horizonte (MG), para avaliar as atividades realizadas no \u00faltimo ano e planejar novas linhas de a\u00e7\u00e3o e trabalho de evangeliza\u00e7\u00e3o no \u00e2mbito universit\u00e1rio do pa\u00eds. O encontro, organizado pelo Setor Universidades da Comiss\u00e3o Episcopal Pastoral para a Cultura e a Educa\u00e7\u00e3o, teve in\u00edcio ontem, 29, [&hellip;]<\/p>\n","protected":false},"author":1,"featured_media":4103,"comment_status":"closed","ping_status":"closed","sticky":false,"template":"","format":"standard","meta":{"footnotes":""},"categories":[7],"tags":[],"class_list":["post-4104","post","type-post","status-publish","format-standard","has-post-thumbnail","hentry","category-cnbb"],"_links":{"self":[{"href":"https:\/\/catolicanet.net\/wp-cnet\/wp-json\/wp\/v2\/posts\/4104","targetHints":{"allow":["GET"]}}],"collection":[{"href":"https:\/\/catolicanet.net\/wp-cnet\/wp-json\/wp\/v2\/posts"}],"about":[{"href":"https:\/\/catolicanet.net\/wp-cnet\/wp-json\/wp\/v2\/types\/post"}],"author":[{"embeddable":true,"href":"https:\/\/catolicanet.net\/wp-cnet\/wp-json\/wp\/v2\/users\/1"}],"replies":[{"embeddable":true,"href":"https:\/\/catolicanet.net\/wp-cnet\/wp-json\/wp\/v2\/comments?post=4104"}],"version-history":[{"count":1,"href":"https:\/\/catolicanet.net\/wp-cnet\/wp-json\/wp\/v2\/posts\/4104\/revisions"}],"predecessor-version":[{"id":8931,"href":"https:\/\/catolicanet.net\/wp-cnet\/wp-json\/wp\/v2\/posts\/4104\/revisions\/8931"}],"wp:featuredmedia":[{"embeddable":true,"href":"https:\/\/catolicanet.net\/wp-cnet\/wp-json\/wp\/v2\/media\/4103"}],"wp:attachment":[{"href":"https:\/\/catolicanet.net\/wp-cnet\/wp-json\/wp\/v2\/media?parent=4104"}],"wp:term":[{"taxonomy":"category","embeddable":true,"href":"https:\/\/catolicanet.net\/wp-cnet\/wp-json\/wp\/v2\/categories?post=4104"},{"taxonomy":"post_tag","embeddable":true,"href":"https:\/\/catolicanet.net\/wp-cnet\/wp-json\/wp\/v2\/tags?post=4104"}],"curies":[{"name":"wp","href":"https:\/\/api.w.org\/{rel}","templated":true}]}}