{"id":41030,"date":"2018-05-23T13:49:53","date_gmt":"2018-05-23T16:49:53","guid":{"rendered":"http:\/\/catolicanet.net\/wp-cnet\/?p=41030"},"modified":"2018-05-23T13:49:53","modified_gmt":"2018-05-23T16:49:53","slug":"santissima-trindade-4","status":"publish","type":"post","link":"https:\/\/catolicanet.net\/wp-cnet\/santissima-trindade-4\/","title":{"rendered":"Sant\u00edssima Trindade"},"content":{"rendered":"<p style=\"text-align: justify;\">Todo ano, ap\u00f3s a Festa de Pentecostes, a Igreja celebra a solenidade da Trindade Santa, dando destaque para o Pai, no compromisso Criador, o Filho, na dimens\u00e3o de Salvador e o Esp\u00edrito Santo, como Guia e Santificador. \u00c9 uma forma de ver na vida de Jesus a dimens\u00e3o de sua rela\u00e7\u00e3o com o Pai e com as pessoas humanas como presen\u00e7a viva do Esp\u00edrito Santo, que cria rela\u00e7\u00f5es.<\/p>\n<p style=\"text-align: justify;\">A vida p\u00fablica de Jesus de Nazar\u00e9, o seu comprometimento com as necessidades do povo, principalmente com os mais pobres e necessitados, revela um Deus pr\u00f3ximo dos humanos. Ele faz acontecer a vida comunit\u00e1ria como reflexo da intimidade das tr\u00eas Pessoas da Sant\u00edssima Trindade. \u00c9 por isso que Ele diz que o maior mandamento \u00e9 a pr\u00e1tica do amor fraterno, humano e divino.<\/p>\n<p style=\"text-align: justify;\">O sentido profundo da vida humana est\u00e1 na capacidade de dar e receber amor. \u201cDeus \u00e9 amor\u201d no dizer de S\u00e3o Jo\u00e3o (1 Jo 4,16). Nessas express\u00f5es da Escritura Sagrada est\u00e1 a fonte pura da vida comunit\u00e1ria, do relacionamento crist\u00e3o entre as pessoas. A fam\u00edlia precisa vivenciar essa realidade, onde o amor consegue superar todo tipo de conflito, de ego\u00edsmo e de falta de partilha comunit\u00e1ria.<\/p>\n<p style=\"text-align: justify;\">No batismo a pessoa entra na comunidade dos filhos de Deus e participa da vida trinit\u00e1ria. Recebe um nome que a identifica como crist\u00e3 e envolvida na intimidade do Pai, do Filho e do Esp\u00edrito Santo. Jesus revela essa realidade de forma misteriosa, mas muito concreta na sua pr\u00f3pria vida. Ele faz comunidade com aqueles que assumem os seus ensinamentos e o seguem como princ\u00edpio de vida.<\/p>\n<p style=\"text-align: justify;\">Na Sant\u00edssima Trindade est\u00e1 presente o Deus da Alian\u00e7a, n\u00e3o mais como no Antigo Testamento, mas na figura de Jesus Cristo ressuscitado e presente na vida das comunidades crist\u00e3s. Jesus \u00e9 a Alian\u00e7a, unindo o c\u00e9u e a terra como uma \u201cponte\u201d que permite chegar \u00e0 eternidade. Nele est\u00e1 o Pai e o Esp\u00edrito Santo formando uma aut\u00eantica e verdadeira fam\u00edlia divina, modelo para as fam\u00edlias hoje.<\/p>\n<p style=\"text-align: justify;\">Diante dessa realidade, o ser humano precisa abrir seu cora\u00e7\u00e3o, sua mente e deixar-se guiar nos rumos da vida divina. Pela ora\u00e7\u00e3o criamos proximidade com Deus, mas isso tem reflexo profundo no relacionamento comunit\u00e1rio, na pr\u00e1tica da justi\u00e7a, da honestidade e da fraternidade. Nenhuma sociedade \u00e9 perfeita, mas pode fazer um caminho que reflete a vida da Trindade Santa.<\/p>\n","protected":false},"excerpt":{"rendered":"<p>Todo ano, ap\u00f3s a Festa de Pentecostes, a Igreja celebra a solenidade da Trindade Santa, dando destaque para o Pai, no compromisso Criador, o Filho, na dimens\u00e3o de Salvador e o Esp\u00edrito Santo, como Guia e Santificador. \u00c9 uma forma de ver na vida de Jesus a dimens\u00e3o de sua rela\u00e7\u00e3o com o Pai e [&hellip;]<\/p>\n","protected":false},"author":11,"featured_media":32781,"comment_status":"open","ping_status":"closed","sticky":false,"template":"","format":"standard","meta":{"footnotes":""},"categories":[9],"tags":[],"class_list":["post-41030","post","type-post","status-publish","format-standard","has-post-thumbnail","hentry","category-artigos"],"_links":{"self":[{"href":"https:\/\/catolicanet.net\/wp-cnet\/wp-json\/wp\/v2\/posts\/41030","targetHints":{"allow":["GET"]}}],"collection":[{"href":"https:\/\/catolicanet.net\/wp-cnet\/wp-json\/wp\/v2\/posts"}],"about":[{"href":"https:\/\/catolicanet.net\/wp-cnet\/wp-json\/wp\/v2\/types\/post"}],"author":[{"embeddable":true,"href":"https:\/\/catolicanet.net\/wp-cnet\/wp-json\/wp\/v2\/users\/11"}],"replies":[{"embeddable":true,"href":"https:\/\/catolicanet.net\/wp-cnet\/wp-json\/wp\/v2\/comments?post=41030"}],"version-history":[{"count":1,"href":"https:\/\/catolicanet.net\/wp-cnet\/wp-json\/wp\/v2\/posts\/41030\/revisions"}],"predecessor-version":[{"id":41031,"href":"https:\/\/catolicanet.net\/wp-cnet\/wp-json\/wp\/v2\/posts\/41030\/revisions\/41031"}],"wp:featuredmedia":[{"embeddable":true,"href":"https:\/\/catolicanet.net\/wp-cnet\/wp-json\/wp\/v2\/media\/32781"}],"wp:attachment":[{"href":"https:\/\/catolicanet.net\/wp-cnet\/wp-json\/wp\/v2\/media?parent=41030"}],"wp:term":[{"taxonomy":"category","embeddable":true,"href":"https:\/\/catolicanet.net\/wp-cnet\/wp-json\/wp\/v2\/categories?post=41030"},{"taxonomy":"post_tag","embeddable":true,"href":"https:\/\/catolicanet.net\/wp-cnet\/wp-json\/wp\/v2\/tags?post=41030"}],"curies":[{"name":"wp","href":"https:\/\/api.w.org\/{rel}","templated":true}]}}