{"id":41026,"date":"2018-05-23T09:02:30","date_gmt":"2018-05-23T12:02:30","guid":{"rendered":"http:\/\/catolicanet.net\/wp-cnet\/?p=41026"},"modified":"2018-05-23T13:47:20","modified_gmt":"2018-05-23T16:47:20","slug":"movimento-sacerdotal-mariano-regional-leste-1-promove-grandioso-cenaculo-mariano","status":"publish","type":"post","link":"https:\/\/catolicanet.net\/wp-cnet\/movimento-sacerdotal-mariano-regional-leste-1-promove-grandioso-cenaculo-mariano\/","title":{"rendered":"Movimento Sacerdotal Mariano Regional Leste 1 &#8211; Promove Grandioso Cen\u00e1culo Mariano"},"content":{"rendered":"<p style=\"text-align: justify;\"><strong>Movimento Sacerdotal Mariano Regional Leste 1 &#8211; Promove Grandioso Cen\u00e1culo Mariano pelo Encerramento do m\u00eas de Maio. S\u00e1bado 26\/05 \u00e0s 15h<br \/>\n<\/strong><br \/>\nEncerrando\u00a0 o m\u00eas de Maio, o Movimento Sacerdotal Mariano do Regional Leste 1, realizar\u00e1 no S\u00e1bado dia 26\/05 \u00e0s 15h seu tradicional &#8220;Cen\u00e1culo Mariano&#8221; na praia de Icara\u00ed em Niter\u00f3i no Rio de Janeiro, ser\u00e1 na altura das ruas Beliz\u00e1rio Augusto e Ot\u00e1vio Carneiro. Ser\u00e1 um momento de \u00a0clamar a intercess\u00e3o da M\u00e3e do C\u00e9u ao seu filho Jesus, pela Igreja, os sacerdotes, as fam\u00edlias, os jovens e de modo especial por todo o nosso Brasil. Haver\u00e1\u00a0 a Ora\u00e7\u00e3o do Santo ter\u00e7o, medita\u00e7\u00e3o, consagra\u00e7\u00e3o ao Imaculado cora\u00e7\u00e3o de Maria, Coroa\u00e7\u00e3o da Imagem Peregrina do Imaculado Cora\u00e7\u00e3o de Maria vinda de F\u00e1tima Portugal.<\/p>\n<p style=\"text-align: justify;\">Segue o v\u00eddeo de chamada para o evento com: Dom Oranir Tempesta (Arcebispo do Rio de Janeiro), Dom Jos\u00e9 Francisco ( Arcebispo de Niter\u00f3i), Dom Roberto Francisco (Bispo de Campos), Padre Marcelo de Assis Paiva (Vig\u00e1rio Episcopal do Capel\u00e3es Militares do Brasil), Padre Marcelo Jos\u00e9\u00a0 ( Respons\u00e1vel Regional pelo Movimento\u00a0 Sacerdotal Mariano), Anderson Serra (Comunica\u00e7\u00e3o do Movimento Sacerdotal Mariano), Neia Viana (Respons\u00e1vel Leigo pelo Movimento Sacerdotal Mariano em Niter\u00f3i) e Ivanize Favoreto\u00a0 (Respons\u00e1vel Leigo pelo Movimento Sacerdotal Mariano no Rio de Janeiro)<\/p>\n<p style=\"text-align: justify;\">V\u00eddeo Convite click <a href=\"https:\/\/m.facebook.com\/story.php?story_fbid=1814807105481658&amp;id=1595066260789078\">aqui<\/a><\/p>\n<p style=\"text-align: justify;\"><img loading=\"lazy\" decoding=\"async\" class=\"wp-image-41027 aligncenter\" src=\"http:\/\/catolicanet.net\/wp-cnet\/wp-content\/uploads\/6-2-212x300.jpg\" alt=\"\" width=\"325\" height=\"460\" srcset=\"https:\/\/catolicanet.net\/wp-cnet\/wp-content\/uploads\/6-2-212x300.jpg 212w, https:\/\/catolicanet.net\/wp-cnet\/wp-content\/uploads\/6-2-768x1086.jpg 768w, https:\/\/catolicanet.net\/wp-cnet\/wp-content\/uploads\/6-2-724x1024.jpg 724w, https:\/\/catolicanet.net\/wp-cnet\/wp-content\/uploads\/6-2-543x768.jpg 543w, https:\/\/catolicanet.net\/wp-cnet\/wp-content\/uploads\/6-2-600x849.jpg 600w, https:\/\/catolicanet.net\/wp-cnet\/wp-content\/uploads\/6-2-696x984.jpg 696w, https:\/\/catolicanet.net\/wp-cnet\/wp-content\/uploads\/6-2-297x420.jpg 297w, https:\/\/catolicanet.net\/wp-cnet\/wp-content\/uploads\/6-2.jpg 905w\" sizes=\"auto, (max-width: 325px) 100vw, 325px\" \/><\/p>\n<p><strong><em>Anderson Serra &#8211; Comunica\u00e7\u00e3o do Movimento Sacerdotal Mariano<br \/>\nCel\/Whatsapp: (21)99903-6322 &#8211; <a href=\"mailto:andersonserrap@gmail.com\">andersonserrap@gmail.com<\/a><\/em><\/strong><\/p>\n","protected":false},"excerpt":{"rendered":"<p>Movimento Sacerdotal Mariano Regional Leste 1 &#8211; Promove Grandioso Cen\u00e1culo Mariano pelo Encerramento do m\u00eas de Maio. S\u00e1bado 26\/05 \u00e0s 15h Encerrando\u00a0 o m\u00eas de Maio, o Movimento Sacerdotal Mariano do Regional Leste 1, realizar\u00e1 no S\u00e1bado dia 26\/05 \u00e0s 15h seu tradicional &#8220;Cen\u00e1culo Mariano&#8221; na praia de Icara\u00ed em Niter\u00f3i no Rio de Janeiro, [&hellip;]<\/p>\n","protected":false},"author":1,"featured_media":41028,"comment_status":"open","ping_status":"closed","sticky":false,"template":"","format":"standard","meta":{"footnotes":""},"categories":[4],"tags":[],"class_list":["post-41026","post","type-post","status-publish","format-standard","has-post-thumbnail","hentry","category-cotidiano"],"_links":{"self":[{"href":"https:\/\/catolicanet.net\/wp-cnet\/wp-json\/wp\/v2\/posts\/41026","targetHints":{"allow":["GET"]}}],"collection":[{"href":"https:\/\/catolicanet.net\/wp-cnet\/wp-json\/wp\/v2\/posts"}],"about":[{"href":"https:\/\/catolicanet.net\/wp-cnet\/wp-json\/wp\/v2\/types\/post"}],"author":[{"embeddable":true,"href":"https:\/\/catolicanet.net\/wp-cnet\/wp-json\/wp\/v2\/users\/1"}],"replies":[{"embeddable":true,"href":"https:\/\/catolicanet.net\/wp-cnet\/wp-json\/wp\/v2\/comments?post=41026"}],"version-history":[{"count":1,"href":"https:\/\/catolicanet.net\/wp-cnet\/wp-json\/wp\/v2\/posts\/41026\/revisions"}],"predecessor-version":[{"id":41029,"href":"https:\/\/catolicanet.net\/wp-cnet\/wp-json\/wp\/v2\/posts\/41026\/revisions\/41029"}],"wp:featuredmedia":[{"embeddable":true,"href":"https:\/\/catolicanet.net\/wp-cnet\/wp-json\/wp\/v2\/media\/41028"}],"wp:attachment":[{"href":"https:\/\/catolicanet.net\/wp-cnet\/wp-json\/wp\/v2\/media?parent=41026"}],"wp:term":[{"taxonomy":"category","embeddable":true,"href":"https:\/\/catolicanet.net\/wp-cnet\/wp-json\/wp\/v2\/categories?post=41026"},{"taxonomy":"post_tag","embeddable":true,"href":"https:\/\/catolicanet.net\/wp-cnet\/wp-json\/wp\/v2\/tags?post=41026"}],"curies":[{"name":"wp","href":"https:\/\/api.w.org\/{rel}","templated":true}]}}