{"id":41008,"date":"2018-05-22T10:40:13","date_gmt":"2018-05-22T13:40:13","guid":{"rendered":"http:\/\/catolicanet.net\/wp-cnet\/?p=41008"},"modified":"2018-05-22T10:40:13","modified_gmt":"2018-05-22T13:40:13","slug":"grupo-de-assessores-da-cnbb-e-membros-do-conselho-pastoral-se-reunem-esta-semana-em-brasilia","status":"publish","type":"post","link":"https:\/\/catolicanet.net\/wp-cnet\/grupo-de-assessores-da-cnbb-e-membros-do-conselho-pastoral-se-reunem-esta-semana-em-brasilia\/","title":{"rendered":"Grupo de Assessores da CNBB e membros do Conselho Pastoral se re\u00fanem esta semana, em Bras\u00edlia"},"content":{"rendered":"<p style=\"text-align: justify;\">Nesta segunda-feira, 21 de maio, o grupo de assessores que serve no trabalho das comiss\u00f5es episcopais da CNBB se re\u00fanem para a reuni\u00e3o mensal ordin\u00e1ria na qual aprofundam temas relevantes da a\u00e7\u00e3o evangelizadora da Igreja no Brasil. E na ter\u00e7a e quarta-feira, \u00e9 a vez de se encontrarem na sede provis\u00f3ria da CNBBMatriz, os bispos que presidem as comiss\u00f5es episcopais sob a coordena\u00e7\u00e3o da Presid\u00eancia da Confer\u00eancia.<\/p>\n<p style=\"text-align: justify;\"><strong>Reuni\u00e3o do GA<\/strong><\/p>\n<p style=\"text-align: justify;\">Os assessores da CNBB formam um grupo que tem ampla atua\u00e7\u00e3o no trabalhos das comiss\u00f5es, uma vez que respondem pela execu\u00e7\u00e3o dos projetos que os bispos formulam e aprovam anualmente para animar a a\u00e7\u00e3o evangelizadora nos regionais e nas dioceses de todo o Pa\u00eds. Este grupo tem como base dos servi\u00e7os que prestam, a sede em Bras\u00edlia, mas est\u00e3o em constante circula\u00e7\u00e3o para atender as bases das pastorais para as quais suas comiss\u00f5es trabalham. Cabe a eles tamb\u00e9m acompanhar as reuni\u00e3o dos bispos tanto do Conselho de Pastoral (Consep), como do Conselho Permanente (CP).<\/p>\n<p style=\"text-align: justify;\">Nos encontros espec\u00edficos dos assessores est\u00e3o em pauta v\u00e1rios temas relevantes e atuais da discuss\u00e3o do episcopado e por causa disso, antes das reuni\u00f5es dos conselhos, em algumas ocasi\u00f5es, s\u00e3o apresentado temas que ser\u00e3o tratados pelos bispos de modo que os assessores possam enviar, com anteced\u00eancia, a colabora\u00e7\u00e3o do grupo para o debate dos conselhos sobre v\u00e1rios temas da evangeliza\u00e7\u00e3o. Entre os assuntos que ser\u00e3o discutidos pelos assessores est\u00e3o:<\/p>\n<p style=\"text-align: justify;\">\u2013 Processo de revis\u00e3o do Estudo 102 da CNBB e Congresso Brasileiro de Humanismo Solid\u00e1rio na Ci\u00eancia;<br \/>\n\u2013 Pr\u00e9 S\u00ednodo dos Jovens com o Papa;<br \/>\n\u2013 Processo de prepara\u00e7\u00e3o do S\u00ednodo para Amaz\u00f4nia;<br \/>\n\u2013 Avalia\u00e7\u00e3o da 56\u00aa Assembleia Geral;<br \/>\n\u2013 Encontro dos assessores com os novos bispos.<\/p>\n<p style=\"text-align: justify;\"><strong>Reuni\u00e3o do Consep<\/strong><\/p>\n<p style=\"text-align: justify;\">Para os trabalhos do Consep nos dias 22 e 23 de maio, o secret\u00e1rio-geral da CNBB, dom Leonardo Steiner, encaminhou carta aos membros do Conselho apresentando os seguintes temas: An\u00e1lise de Conjuntura,\u00a0Campanha da Fraternidade 2019 \u2013 Texto, M\u00fasica, Cartaz;\u00a0Encaminhamentos da 56\u00aa AG; XIII Encontro de Bispos dos Pa\u00edses Lus\u00f3fonos; Comunica\u00e7\u00e3o das Comiss\u00f5es\u201d. Al\u00e9m disso, os bispos ter\u00e3o tempo para se encontrar com suas assessorias e ainda, no final do encontro, poder\u00e3o realizar uma sess\u00e3o privativa.<\/p>\n<p style=\"text-align: justify;\">Entre os temas da pauta deve tomar tempo significativo do encontro deste m\u00eas de maio os encaminhamentos da \u00faltima assembleia da CNBB realizada de 11 a 20 de abril, em Aparecida. O episcopado esteve reunido para discutir as novas Diretrizes para a Forma\u00e7\u00e3o Sacerdotal no Brasil. Al\u00e9m desse tema principal, v\u00e1rios outros foram apresentados no plen\u00e1rio da assembleia e v\u00e1rios foram encaminhados para aprofundamento do Consep.<\/p>\n","protected":false},"excerpt":{"rendered":"<p>Nesta segunda-feira, 21 de maio, o grupo de assessores que serve no trabalho das comiss\u00f5es episcopais da CNBB se re\u00fanem para a reuni\u00e3o mensal ordin\u00e1ria na qual aprofundam temas relevantes da a\u00e7\u00e3o evangelizadora da Igreja no Brasil. E na ter\u00e7a e quarta-feira, \u00e9 a vez de se encontrarem na sede provis\u00f3ria da CNBBMatriz, os bispos [&hellip;]<\/p>\n","protected":false},"author":1,"featured_media":41009,"comment_status":"open","ping_status":"closed","sticky":false,"template":"","format":"standard","meta":{"footnotes":""},"categories":[7],"tags":[],"class_list":["post-41008","post","type-post","status-publish","format-standard","has-post-thumbnail","hentry","category-cnbb"],"_links":{"self":[{"href":"https:\/\/catolicanet.net\/wp-cnet\/wp-json\/wp\/v2\/posts\/41008","targetHints":{"allow":["GET"]}}],"collection":[{"href":"https:\/\/catolicanet.net\/wp-cnet\/wp-json\/wp\/v2\/posts"}],"about":[{"href":"https:\/\/catolicanet.net\/wp-cnet\/wp-json\/wp\/v2\/types\/post"}],"author":[{"embeddable":true,"href":"https:\/\/catolicanet.net\/wp-cnet\/wp-json\/wp\/v2\/users\/1"}],"replies":[{"embeddable":true,"href":"https:\/\/catolicanet.net\/wp-cnet\/wp-json\/wp\/v2\/comments?post=41008"}],"version-history":[{"count":1,"href":"https:\/\/catolicanet.net\/wp-cnet\/wp-json\/wp\/v2\/posts\/41008\/revisions"}],"predecessor-version":[{"id":41010,"href":"https:\/\/catolicanet.net\/wp-cnet\/wp-json\/wp\/v2\/posts\/41008\/revisions\/41010"}],"wp:featuredmedia":[{"embeddable":true,"href":"https:\/\/catolicanet.net\/wp-cnet\/wp-json\/wp\/v2\/media\/41009"}],"wp:attachment":[{"href":"https:\/\/catolicanet.net\/wp-cnet\/wp-json\/wp\/v2\/media?parent=41008"}],"wp:term":[{"taxonomy":"category","embeddable":true,"href":"https:\/\/catolicanet.net\/wp-cnet\/wp-json\/wp\/v2\/categories?post=41008"},{"taxonomy":"post_tag","embeddable":true,"href":"https:\/\/catolicanet.net\/wp-cnet\/wp-json\/wp\/v2\/tags?post=41008"}],"curies":[{"name":"wp","href":"https:\/\/api.w.org\/{rel}","templated":true}]}}