{"id":40976,"date":"2018-05-21T11:35:48","date_gmt":"2018-05-21T14:35:48","guid":{"rendered":"http:\/\/catolicanet.net\/wp-cnet\/?p=40976"},"modified":"2018-05-21T11:35:48","modified_gmt":"2018-05-21T14:35:48","slug":"papa-francisco-criara-14-novos-cardeais-no-proximo-dia-29-de-junho","status":"publish","type":"post","link":"https:\/\/catolicanet.net\/wp-cnet\/papa-francisco-criara-14-novos-cardeais-no-proximo-dia-29-de-junho\/","title":{"rendered":"Papa Francisco criar\u00e1 14 novos cardeais no pr\u00f3ximo dia 29 de junho"},"content":{"rendered":"<p>Ap\u00f3s a ora\u00e7\u00e3o do Regina Coeli neste domingo, 20 de maio, o Papa Francisco anunciou a celebra\u00e7\u00e3o de um Consist\u00f3rio para a cria\u00e7\u00e3o de 14 novos\u00a0cardeais\u00a0procedentes de 11 pa\u00edses.<\/p>\n<p>\u201cAlegra-me anunciar que no dia 29 de junho acontecer\u00e1 um Consist\u00f3rio para a cria\u00e7\u00e3o de 14 novos cardeais. Suas origens expressam a universalidade que continua a anunciar o amor misericordioso de Deus a todos os homens da terra\u201d.<\/p>\n<p>\u201cA integra\u00e7\u00e3o dos novos cardeais na\u00a0Igreja\u00a0de Roma manifesta tamb\u00e9m a rela\u00e7\u00e3o indissol\u00favel entre a S\u00e9 de Pedro e as Igrejas particulares espalhadas no mundo\u201d, assinalou o Santo Padre.<\/p>\n<p>entre os novos Cardeais est\u00e3o o Bispo de Leiria-F\u00e1tima, Dom Ant\u00f3nio Marto; o Patriarca de Babil\u00f4nio dos Caldeus, Sua Beatitude Louis Raphael Sako; o Prefeito da Congrega\u00e7\u00e3o para a Doutrina da F\u00e1, Dom Luis Ladaria; o Vig\u00e1rio-geral de Roma, Dom Angelo De Donatis; e o Delegado Pontif\u00edcio para a Soberana Ordem Militar de Malta, Dom Giovanni Angelo Becciu.<\/p>\n<p>Esta \u00e9 a lista completa dos 14 novos Cardeais:<\/p>\n<p>1. Sua Beatitude Louis-Rapha\u00ebl I Sako, Patriarca de Babil\u00f4nia dos Caldeus;<\/p>\n<p>2. Dom Luis Ladaria, Prefeito da Congrega\u00e7\u00e3o para a Doutrina da F\u00e9;<\/p>\n<p>3. Dom Angelo De Donatis, Vig\u00e1rio-geral de Roma;<\/p>\n<p>4. Dom Giovanni Angelo Becciu, Substituto para Assuntos Gerais da Secretaria de Estado e Delegado especial junto \u00e0 Soberana Ordem de Malta;<\/p>\n<p>5. Dom Konrad Krajewski, Esmoleiro apost\u00f3lico;<\/p>\n<p>6. Dom Joseph Coutts, Arcebispo de Karachi (Paquist\u00e3o);<\/p>\n<p>7. Dom Ant\u00f3nio Augusto dos Santos Marto, Bispo de Leiria-F\u00e1tima (Portugal);<\/p>\n<p>8. Dom Pedro Barreto, Arcebispo de Huancayo (Peru);<\/p>\n<p>9. Dom Desir\u00e9 Tsarahazana, Arcebispo de Toamasina (Madagascar);<\/p>\n<p>10. Dom Giuseppe Petrocchi, Arcebispo de L\u2019Aquila (It\u00e1lia);<\/p>\n<p>11. Dom Tomas Aquinas Manyo Maeda, Arcebispo de Osaka (Jap\u00e3o).<\/p>\n<p>12. Dom\u00a0Sergio Obeso Rivera, Arcebispo em\u00e9rito de Jalapa (M\u00e9xico);<\/p>\n<p>13. Dom\u00a0Toribio Porco Ticona, Prelado em\u00e9rito de Corocoro (Bol\u00edvia);<\/p>\n<p>14. Padre\u00a0Aquilino Bocos Merino, claretiano espanhol.<\/p>\n","protected":false},"excerpt":{"rendered":"<p>Ap\u00f3s a ora\u00e7\u00e3o do Regina Coeli neste domingo, 20 de maio, o Papa Francisco anunciou a celebra\u00e7\u00e3o de um Consist\u00f3rio para a cria\u00e7\u00e3o de 14 novos\u00a0cardeais\u00a0procedentes de 11 pa\u00edses. \u201cAlegra-me anunciar que no dia 29 de junho acontecer\u00e1 um Consist\u00f3rio para a cria\u00e7\u00e3o de 14 novos cardeais. Suas origens expressam a universalidade que continua a [&hellip;]<\/p>\n","protected":false},"author":1,"featured_media":40977,"comment_status":"open","ping_status":"closed","sticky":false,"template":"","format":"standard","meta":{"footnotes":""},"categories":[3],"tags":[],"class_list":["post-40976","post","type-post","status-publish","format-standard","has-post-thumbnail","hentry","category-vaticano"],"_links":{"self":[{"href":"https:\/\/catolicanet.net\/wp-cnet\/wp-json\/wp\/v2\/posts\/40976","targetHints":{"allow":["GET"]}}],"collection":[{"href":"https:\/\/catolicanet.net\/wp-cnet\/wp-json\/wp\/v2\/posts"}],"about":[{"href":"https:\/\/catolicanet.net\/wp-cnet\/wp-json\/wp\/v2\/types\/post"}],"author":[{"embeddable":true,"href":"https:\/\/catolicanet.net\/wp-cnet\/wp-json\/wp\/v2\/users\/1"}],"replies":[{"embeddable":true,"href":"https:\/\/catolicanet.net\/wp-cnet\/wp-json\/wp\/v2\/comments?post=40976"}],"version-history":[{"count":1,"href":"https:\/\/catolicanet.net\/wp-cnet\/wp-json\/wp\/v2\/posts\/40976\/revisions"}],"predecessor-version":[{"id":40998,"href":"https:\/\/catolicanet.net\/wp-cnet\/wp-json\/wp\/v2\/posts\/40976\/revisions\/40998"}],"wp:featuredmedia":[{"embeddable":true,"href":"https:\/\/catolicanet.net\/wp-cnet\/wp-json\/wp\/v2\/media\/40977"}],"wp:attachment":[{"href":"https:\/\/catolicanet.net\/wp-cnet\/wp-json\/wp\/v2\/media?parent=40976"}],"wp:term":[{"taxonomy":"category","embeddable":true,"href":"https:\/\/catolicanet.net\/wp-cnet\/wp-json\/wp\/v2\/categories?post=40976"},{"taxonomy":"post_tag","embeddable":true,"href":"https:\/\/catolicanet.net\/wp-cnet\/wp-json\/wp\/v2\/tags?post=40976"}],"curies":[{"name":"wp","href":"https:\/\/api.w.org\/{rel}","templated":true}]}}