{"id":40927,"date":"2018-05-17T14:58:59","date_gmt":"2018-05-17T17:58:59","guid":{"rendered":"http:\/\/catolicanet.net\/wp-cnet\/?p=40927"},"modified":"2018-05-17T14:58:59","modified_gmt":"2018-05-17T17:58:59","slug":"em-um-dia-como-hoje-santa-teresinha-do-menino-jesus-foi-canonizada","status":"publish","type":"post","link":"https:\/\/catolicanet.net\/wp-cnet\/em-um-dia-como-hoje-santa-teresinha-do-menino-jesus-foi-canonizada\/","title":{"rendered":"Em um dia como hoje, Santa Teresinha do Menino Jesus foi canonizada"},"content":{"rendered":"<p>REDA\u00c7\u00c3O CENTRAL, 17 Mai. 18 \/ 01:45 pm (ACI).- Em um dia como hoje, h\u00e1 93 anos, o Papa Pio XI canonizou Santa Teresinha do Menino Jesus, tamb\u00e9m conhecida como Santa Teresa de Lisieux, Doutora da Igreja e Padroeira das Miss\u00f5es.<\/p>\n<p>Esta carmelita francesa morreu em 30 de setembro de 1897, aos 24 anos. Um ano depois, foi publicado o livro \u201cHist\u00f3ria de uma alma\u201d, baseado em seus escritos, o qual revela o intenso amor que ela professava por Jesus.<\/p>\n<p>A religiosa foi beatificada pelo Papa Pio XI em 29 de abril 1923 e, em 17 de maio de 1928, foi canonizada pelo mesmo Papa.<\/p>\n<p>Pra\u00e7a de S\u00e3o Pedro iluminada na v\u00e9spera da canoniza\u00e7\u00e3o de Santa Teresinha do Menino Jesus\/ Foto: Wikip\u00e9dia (Dom\u00ednio P\u00fablico)<\/p>\n<p>Missa da sua canoniza\u00e7\u00e3o na Bas\u00edlica de S\u00e3o Pedro \/ Foto: Wikip\u00e9dia (Dom\u00ednio P\u00fablico)<\/p>\n<p>Em sua homilia, Pio XI indicou que a santa francesa \u201co Esp\u00edrito de verdade lhe comunicou e manifestou o que coube esconder \u2018aos s\u00e1bios e entendidos\u2019 e revelar \u2018aos pequeninos\u2019\u201d.<\/p>\n<p>Destacou que, \u201cde fato, ela \u2013 segundo o testemunho do nosso Predecessor \u2013 foi dotada de tal ci\u00eancia das coisas celestes a ponto de indicar aos outros a via correta da salva\u00e7\u00e3o. E esta participa\u00e7\u00e3o abundante na divina luz e na divina gra\u00e7a acendeu em Teresa um inc\u00eandio t\u00e3o grande de caridade que, portando-a continuamente quase fora do corpo, por fim, a consumou, de modo que, pouco antes de deixar a vida, p\u00f4de candidamente declarar que \u2018n\u00e3o havia dado a Deus nada mais do que amor\u2019\u201d.<\/p>\n<p>O Santo Padre tamb\u00e9m disse sobre seus escritos que, \u201cdifundidos em todo o mundo, ningu\u00e9m l\u00ea sem querer reler mais e mais vezes, com alegria m\u00e1xima para a alma e com fruto\u201d.<\/p>\n<p>Santa Teresinha do Menino Jesus foi proclamada Doutora da Igreja por S\u00e3o Jo\u00e3o Paulo II em 19 de outubro de 1997.<\/p>\n<p>Naquele dia, o Pont\u00edfice polon\u00eas destacou que \u201centre os \u2018Doutores da Igreja\u2019, Teresa do Menino Jesus e da Santa Face \u00e9 a mais jovem, mas o seu ardente itiner\u00e1rio espiritual demonstra muita maturidade, e as intui\u00e7\u00f5es da f\u00e9 expressas nos seus escritos s\u00e3o t\u00e3o vastas e profundas, que a tornam digna de ser posta entre os grandes mestres espirituais\u201d.<\/p>\n<p>\u201cO desejo que Teresa exprimiu, de \u2018passar o seu C\u00e9u fazendo o bem sobre a terra\u2019, continua a realizar-se de modo maravilhoso. Obrigado, \u00f3 Pai, porque hoje a tornais pr\u00f3xima de n\u00f3s a novo t\u00edtulo, para louvor e gl\u00f3ria do Vosso nome nos s\u00e9culos\u201d, acrescentou.<\/p>\n<p>Os pais desta doce religiosa, Luis Martin e Z\u00e9lia Gu\u00e9rin, foram canonizados pelo Papa Francisco em 18 de outubro de 2015 em Roma, durante o S\u00ednodo da Fam\u00edlia.<\/p>\n<p>&nbsp;<\/p>\n<p>Fonte: Acidigital<\/p>\n","protected":false},"excerpt":{"rendered":"<p>REDA\u00c7\u00c3O CENTRAL, 17 Mai. 18 \/ 01:45 pm (ACI).- Em um dia como hoje, h\u00e1 93 anos, o Papa Pio XI canonizou Santa Teresinha do Menino Jesus, tamb\u00e9m conhecida como Santa Teresa de Lisieux, Doutora da Igreja e Padroeira das Miss\u00f5es. Esta carmelita francesa morreu em 30 de setembro de 1897, aos 24 anos. Um [&hellip;]<\/p>\n","protected":false},"author":1,"featured_media":40928,"comment_status":"open","ping_status":"closed","sticky":false,"template":"","format":"standard","meta":{"footnotes":""},"categories":[4,13],"tags":[],"class_list":["post-40927","post","type-post","status-publish","format-standard","has-post-thumbnail","hentry","category-cotidiano","category-featured"],"_links":{"self":[{"href":"https:\/\/catolicanet.net\/wp-cnet\/wp-json\/wp\/v2\/posts\/40927","targetHints":{"allow":["GET"]}}],"collection":[{"href":"https:\/\/catolicanet.net\/wp-cnet\/wp-json\/wp\/v2\/posts"}],"about":[{"href":"https:\/\/catolicanet.net\/wp-cnet\/wp-json\/wp\/v2\/types\/post"}],"author":[{"embeddable":true,"href":"https:\/\/catolicanet.net\/wp-cnet\/wp-json\/wp\/v2\/users\/1"}],"replies":[{"embeddable":true,"href":"https:\/\/catolicanet.net\/wp-cnet\/wp-json\/wp\/v2\/comments?post=40927"}],"version-history":[{"count":1,"href":"https:\/\/catolicanet.net\/wp-cnet\/wp-json\/wp\/v2\/posts\/40927\/revisions"}],"predecessor-version":[{"id":40929,"href":"https:\/\/catolicanet.net\/wp-cnet\/wp-json\/wp\/v2\/posts\/40927\/revisions\/40929"}],"wp:featuredmedia":[{"embeddable":true,"href":"https:\/\/catolicanet.net\/wp-cnet\/wp-json\/wp\/v2\/media\/40928"}],"wp:attachment":[{"href":"https:\/\/catolicanet.net\/wp-cnet\/wp-json\/wp\/v2\/media?parent=40927"}],"wp:term":[{"taxonomy":"category","embeddable":true,"href":"https:\/\/catolicanet.net\/wp-cnet\/wp-json\/wp\/v2\/categories?post=40927"},{"taxonomy":"post_tag","embeddable":true,"href":"https:\/\/catolicanet.net\/wp-cnet\/wp-json\/wp\/v2\/tags?post=40927"}],"curies":[{"name":"wp","href":"https:\/\/api.w.org\/{rel}","templated":true}]}}