{"id":40919,"date":"2018-05-17T10:23:58","date_gmt":"2018-05-17T13:23:58","guid":{"rendered":"http:\/\/catolicanet.net\/wp-cnet\/?p=40919"},"modified":"2018-05-17T10:43:48","modified_gmt":"2018-05-17T13:43:48","slug":"pastoral-vocacional-se-reune-para-articulacao-e-formacao-dos-agentes","status":"publish","type":"post","link":"https:\/\/catolicanet.net\/wp-cnet\/pastoral-vocacional-se-reune-para-articulacao-e-formacao-dos-agentes\/","title":{"rendered":"Pastoral Vocacional se re\u00fane para articula\u00e7\u00e3o e forma\u00e7\u00e3o dos agentes"},"content":{"rendered":"<p>Agentes da Pastoral Vocacional do Regional Nordeste 3 da Confer\u00eancia Nacional dos Bispos do Brasil (CNBB), participaram de um encontro de forma\u00e7\u00e3o e articula\u00e7\u00e3o no Regional. Ao todo, 17 dioceses da Bahia e de Sergipe estiveram representadas no evento que tamb\u00e9m contou com a presen\u00e7a do bispo de Caetit\u00e9 (BA) e referencial da pastoral, dom Jos\u00e9 Roberto Carvalho.<\/p>\n<p>Leia a mat\u00e9ria na \u00edntegra no site do <a href=\"https:\/\/www.cnbbne3.org.br\/encontro-regional-da-pastoral-vocacional-e-oportunidade-para-articulacao-e-formacao-dos-agentess\/\"><strong>Regional Nordeste 3 da CNBB<\/strong><\/a><\/p>\n<p>&nbsp;<\/p>\n<p>&nbsp;<\/p>\n","protected":false},"excerpt":{"rendered":"<p>Agentes da Pastoral Vocacional do Regional Nordeste 3 da Confer\u00eancia Nacional dos Bispos do Brasil (CNBB), participaram de um encontro de forma\u00e7\u00e3o e articula\u00e7\u00e3o no Regional. Ao todo, 17 dioceses da Bahia e de Sergipe estiveram representadas no evento que tamb\u00e9m contou com a presen\u00e7a do bispo de Caetit\u00e9 (BA) e referencial da pastoral, dom [&hellip;]<\/p>\n","protected":false},"author":1,"featured_media":40921,"comment_status":"open","ping_status":"closed","sticky":false,"template":"","format":"standard","meta":{"footnotes":""},"categories":[13],"tags":[],"class_list":["post-40919","post","type-post","status-publish","format-standard","has-post-thumbnail","hentry","category-featured"],"_links":{"self":[{"href":"https:\/\/catolicanet.net\/wp-cnet\/wp-json\/wp\/v2\/posts\/40919","targetHints":{"allow":["GET"]}}],"collection":[{"href":"https:\/\/catolicanet.net\/wp-cnet\/wp-json\/wp\/v2\/posts"}],"about":[{"href":"https:\/\/catolicanet.net\/wp-cnet\/wp-json\/wp\/v2\/types\/post"}],"author":[{"embeddable":true,"href":"https:\/\/catolicanet.net\/wp-cnet\/wp-json\/wp\/v2\/users\/1"}],"replies":[{"embeddable":true,"href":"https:\/\/catolicanet.net\/wp-cnet\/wp-json\/wp\/v2\/comments?post=40919"}],"version-history":[{"count":1,"href":"https:\/\/catolicanet.net\/wp-cnet\/wp-json\/wp\/v2\/posts\/40919\/revisions"}],"predecessor-version":[{"id":40920,"href":"https:\/\/catolicanet.net\/wp-cnet\/wp-json\/wp\/v2\/posts\/40919\/revisions\/40920"}],"wp:featuredmedia":[{"embeddable":true,"href":"https:\/\/catolicanet.net\/wp-cnet\/wp-json\/wp\/v2\/media\/40921"}],"wp:attachment":[{"href":"https:\/\/catolicanet.net\/wp-cnet\/wp-json\/wp\/v2\/media?parent=40919"}],"wp:term":[{"taxonomy":"category","embeddable":true,"href":"https:\/\/catolicanet.net\/wp-cnet\/wp-json\/wp\/v2\/categories?post=40919"},{"taxonomy":"post_tag","embeddable":true,"href":"https:\/\/catolicanet.net\/wp-cnet\/wp-json\/wp\/v2\/tags?post=40919"}],"curies":[{"name":"wp","href":"https:\/\/api.w.org\/{rel}","templated":true}]}}