{"id":40873,"date":"2018-05-15T15:01:00","date_gmt":"2018-05-15T18:01:00","guid":{"rendered":"http:\/\/catolicanet.net\/wp-cnet\/?p=40873"},"modified":"2018-05-15T15:01:00","modified_gmt":"2018-05-15T18:01:00","slug":"pedem-oracao-por-familia-de-menina-que-perdoou-terroristas-do-estado-islamico","status":"publish","type":"post","link":"https:\/\/catolicanet.net\/wp-cnet\/pedem-oracao-por-familia-de-menina-que-perdoou-terroristas-do-estado-islamico\/","title":{"rendered":"Pedem ora\u00e7\u00e3o por fam\u00edlia de menina que perdoou terroristas do Estado Isl\u00e2mico"},"content":{"rendered":"<p>A fam\u00edlia de Maryam (ou Myriam) Waleed Benham \u2013 menina iraquiana recordada por ter perdoado os terroristas do Estado Isl\u00e2mico \u2013 enfrenta graves problemas para voltar para a sua casa em Qaraqosh, mas, apesar disso, confiam em Deus e pedem as ora\u00e7\u00f5es dos crist\u00e3os.<\/p>\n<p>A situa\u00e7\u00e3o da fam\u00edlia foi descrita na p\u00e1gina do Facebook Amigos do Iraque pelo Pe. Luis Montes, sacerdote mission\u00e1rio do Instituto do Verbo Encarnado (IVE).<\/p>\n<p>Indicou que a fam\u00edlia vive h\u00e1 tr\u00eas anos no campo de refugiados \u201cAnuncia\u00e7\u00e3o\u201d em Ankawa, desde que o Estado Isl\u00e2mico (ISIS) invadiu Qaraqosh em agosto de 2014. Felizmente, a sua casa n\u00e3o foi destru\u00edda pelos terroristas, como aconteceu com outras fam\u00edlias.<\/p>\n<p>Pe. Luis Montes junto com a fam\u00edlia de Maryam \/ Foto: Cortesia Pe. Montes<\/p>\n<p>Entretanto, segundo indicou Pe. Montes ao Grupo ACI, o pai de Maryam tem problemas de sa\u00fade nos rins e no c\u00e9rebro e precisa de uma interven\u00e7\u00e3o cir\u00fargica que custa oito mil d\u00f3lares.<\/p>\n<p>Se o homem de 65 anos se submeter \u00e0 opera\u00e7\u00e3o, \u201ctem que ficar de dois a tr\u00eas meses de cama e o campo de refugiados onde vivem vai ser fechado, mas ainda n\u00e3o se sabe a data. A fam\u00edlia n\u00e3o pode deix\u00e1-lo sozinho nas condi\u00e7\u00f5es em que ele est\u00e1\u201d.<\/p>\n<p>\u201cEnt\u00e3o, n\u00e3o podem tomar a decis\u00e3o. Eles n\u00e3o podem ir para Qaraqosh porque n\u00e3o h\u00e1 bons cuidados m\u00e9dicos, por isso em Erbil eles t\u00eam que conseguir dinheiro para alugar uma casa\u201d, disse Pe. Montes.<\/p>\n<p>Embora sejam problemas graves, assinalou o sacerdote do IVE, a fam\u00edlia de Maryam os \u201cenfrenta com uma confian\u00e7a em Deus que nos enriquece. \u00c9 a sabedoria que d\u00e1 a Cruz, que n\u00e3o se consegue nos livros!\u201d.<\/p>\n<p>Pe. Montes contou ao Grupo ACI que entregou a Maryam uma imagem da Virgem de Guadalupe, enviada do M\u00e9xico para os refugiados, de presente pelo seu anivers\u00e1rio. A menina tem 13 anos e a sua irm\u00e3 Samarrad tem 11 anos.<\/p>\n<p>Maryam com a imagem da Virgem de Guadalupe que Pe. Montes lhe deu\/ Cortesia Pe. Luis Montes<\/p>\n<p>Al\u00e9m disso, falou com a menina sobre a iniciativa espiritual \u201cNazarenos Perseguidos\u201d, que divulga o drama da persegui\u00e7\u00e3o contra os crist\u00e3os no Oriente M\u00e9dio e tem um grupo no Facebook, onde h\u00e1 mais de 18 mil membros.<\/p>\n<p>Disse que Maryam se emocionou ao saber que h\u00e1 pessoas que rezam pelos crist\u00e3os perseguidos e decidiu se unir ao grupo. Dentro deste grupo, gostou de um desenho de Nossa Senhora de Luj\u00e1n.<\/p>\n<p>\u201cObrigado a todos os nazarenos por recordar, rezar e divulgar sobre os crist\u00e3os perseguidos, ao falar com fam\u00edlias como esta, fica cada vez mais claro que vale a pena!\u201d, indicou o Pe. Montes no Facebook.<\/p>\n<p>Uma li\u00e7\u00e3o de amor frente ao \u00f3dio<\/p>\n<p>Em 2015, SAT-7, uma rede de televis\u00e3o crist\u00e3 que transmite para o Oriente M\u00e9dio e para a \u00c1frica, fez uma reportagem sobre a vida das crian\u00e7as refugiadas em Erbil, na qual aparece Maryam.<\/p>\n<p>Perguntada a respeito da sua vida em Qaraqosh antes de fugir, ela disse que \u201ccostum\u00e1vamos ter uma casa onde viv\u00edamos, agora n\u00e3o temos, mas gra\u00e7as a Deus, Ele nos prov\u00ea\u201d.<\/p>\n<p>\u201cDeus nos ama e n\u00e3o deixou ISIS nos matar\u201d, acrescentou.<\/p>\n<p>Ent\u00e3o, o jornalista lhe perguntou sobre seus sentimentos em rela\u00e7\u00e3o aos terroristas do Estado Isl\u00e2mico e ela respondeu: \u201cEu n\u00e3o faria nada com eles, s\u00f3 pe\u00e7o a Deus que os perdoe\u201d.<\/p>\n<p>\u201cVoc\u00ea os perdoa?\u201d, perguntou o rep\u00f3rter e Maryam respondeu que \u201csim\u201d.<\/p>\n<p>&nbsp;<\/p>\n<p>Fonte: Acidigital<\/p>\n","protected":false},"excerpt":{"rendered":"<p>A fam\u00edlia de Maryam (ou Myriam) Waleed Benham \u2013 menina iraquiana recordada por ter perdoado os terroristas do Estado Isl\u00e2mico \u2013 enfrenta graves problemas para voltar para a sua casa em Qaraqosh, mas, apesar disso, confiam em Deus e pedem as ora\u00e7\u00f5es dos crist\u00e3os. A situa\u00e7\u00e3o da fam\u00edlia foi descrita na p\u00e1gina do Facebook Amigos [&hellip;]<\/p>\n","protected":false},"author":1,"featured_media":40874,"comment_status":"open","ping_status":"closed","sticky":false,"template":"","format":"standard","meta":{"footnotes":""},"categories":[4],"tags":[],"class_list":["post-40873","post","type-post","status-publish","format-standard","has-post-thumbnail","hentry","category-cotidiano"],"_links":{"self":[{"href":"https:\/\/catolicanet.net\/wp-cnet\/wp-json\/wp\/v2\/posts\/40873","targetHints":{"allow":["GET"]}}],"collection":[{"href":"https:\/\/catolicanet.net\/wp-cnet\/wp-json\/wp\/v2\/posts"}],"about":[{"href":"https:\/\/catolicanet.net\/wp-cnet\/wp-json\/wp\/v2\/types\/post"}],"author":[{"embeddable":true,"href":"https:\/\/catolicanet.net\/wp-cnet\/wp-json\/wp\/v2\/users\/1"}],"replies":[{"embeddable":true,"href":"https:\/\/catolicanet.net\/wp-cnet\/wp-json\/wp\/v2\/comments?post=40873"}],"version-history":[{"count":1,"href":"https:\/\/catolicanet.net\/wp-cnet\/wp-json\/wp\/v2\/posts\/40873\/revisions"}],"predecessor-version":[{"id":40875,"href":"https:\/\/catolicanet.net\/wp-cnet\/wp-json\/wp\/v2\/posts\/40873\/revisions\/40875"}],"wp:featuredmedia":[{"embeddable":true,"href":"https:\/\/catolicanet.net\/wp-cnet\/wp-json\/wp\/v2\/media\/40874"}],"wp:attachment":[{"href":"https:\/\/catolicanet.net\/wp-cnet\/wp-json\/wp\/v2\/media?parent=40873"}],"wp:term":[{"taxonomy":"category","embeddable":true,"href":"https:\/\/catolicanet.net\/wp-cnet\/wp-json\/wp\/v2\/categories?post=40873"},{"taxonomy":"post_tag","embeddable":true,"href":"https:\/\/catolicanet.net\/wp-cnet\/wp-json\/wp\/v2\/tags?post=40873"}],"curies":[{"name":"wp","href":"https:\/\/api.w.org\/{rel}","templated":true}]}}