{"id":4087,"date":"2014-01-28T17:26:46","date_gmt":"2014-01-28T19:26:46","guid":{"rendered":"http:\/\/catolicanet.net\/wp-cnet\/nota-da-cnbb-por-ocasiao-do-dia-de-combate-ao-trabalho-escravo\/"},"modified":"2017-04-04T10:41:23","modified_gmt":"2017-04-04T13:41:23","slug":"nota-da-cnbb-por-ocasiao-do-dia-de-combate-ao-trabalho-escravo","status":"publish","type":"post","link":"https:\/\/catolicanet.net\/wp-cnet\/nota-da-cnbb-por-ocasiao-do-dia-de-combate-ao-trabalho-escravo\/","title":{"rendered":"Nota da CNBB por ocasi\u00e3o do Dia de Combate ao Trabalho Escravo"},"content":{"rendered":"<p style=\"text-align: justify;\"><img decoding=\"async\" src=\"http:\/\/www.catolicanet.com.br\/images\/stories\/logocnbb.jpg\" border=\"0\" align=\"left\" \/>A Confer\u00eancia Nacional dos Bispos do Brasil \u2013 CNBB divulgou hoje, 28 de janeiro, nota por ocasi\u00e3o do Dia Nacional de Combate ao Trabalho Escravo. A data \u00e9 uma homenagem a quatro auditores do Minist\u00e9rio do Trabalho e Emprego que foram assassinados, em janeiro de 2004, quando investigavam a suspeita de uso de m\u00e3o de obra escrava em fazendas de feij\u00e3o em Una\u00ed (MG).<\/p>\n<p>No texto, a Presid\u00eancia da CNBB faz men\u00e7\u00e3o \u00e0 Campanha da Fraternidade que, este ano, aborda o tema \u201cFraternidade e o Tr\u00e1fico Humano\u201d.\u00a0 O tr\u00e1fico para a explora\u00e7\u00e3o no trabalho \u00e9 uma das modalidades do tr\u00e1fico humano. \u201cTr\u00e1fico humano e trabalho escravo s\u00e3o atividades que t\u00eam, na mis\u00e9ria e na desigualdade social, espa\u00e7o f\u00e9rtil para a a\u00e7\u00e3o de traficantes e exploradores, movidos pela gan\u00e2ncia e pela certeza da impunidade\u201d, dizem os bispos na nota, que segue abaixo, na \u00edntegra.<\/p>\n<p>A Campanha da Fraternidade 2014 ser\u00e1 lan\u00e7ada na Quarta-feira de Cinzas, no dia 5 de mar\u00e7o. Tem como lema \u201c\u00c9 para a liberdade que Cristo nos libertou\u201d (Gl 5,1).<\/p>\n<p><strong>NOTA DA CNBB POR OCASI\u00c3O DO DIA NACIONAL DE COMBATE AO TRABALHO ESCRAVO<\/strong><\/p>\n<p>1. A Confer\u00eancia Nacional dos Bispos do Brasil-CNBB se une neste 28 de janeiro &#8211; Dia Nacional de Combate ao Trabalho Escravo \u2013 a todos que se empenham para eliminar a lament\u00e1vel pr\u00e1tica do trabalho escravo que envergonha o pa\u00eds e avilta a dignidade humana.<\/p>\n<p>2. Esta data nos traz \u00e0 mem\u00f3ria, neste ano, os dez anos do assassinato dos profissionais do Minist\u00e9rio do Trabalho, mortos de forma brutal enquanto cumpriam a tarefa de fiscaliza\u00e7\u00e3o de poss\u00edvel situa\u00e7\u00e3o de trabalho escravo no Munic\u00edpio de Una\u00ed-MG. Remete-nos tamb\u00e9m \u00e0 Campanha da Fraternidade-2014 que conclamar\u00e1 a sociedade brasileira a tomar consci\u00eancia do tr\u00e1fico humano, \u201cuma atividade ign\u00f3bil, uma vergonha para as nossas sociedades que se dizem civilizadas\u201d, conforme alerta do Papa Francisco.<\/p>\n<p>3. Tr\u00e1fico humano e trabalho escravo s\u00e3o atividades que t\u00eam, na mis\u00e9ria e na desigualdade social, espa\u00e7o f\u00e9rtil para a a\u00e7\u00e3o de traficantes e exploradores, movidos pela gan\u00e2ncia e pela certeza da impunidade. Implicam grave desrespeito aos direitos da pessoa humana, \u00e0 sua dignidade, e, no caso do trabalho escravo, negam o direito de livre exerc\u00edcio da atividade laboral. Identificar e denunciar tais crimes \u00e9 dever de toda a sociedade.<\/p>\n<p>4. Causa perplexidade a dissemina\u00e7\u00e3o da pr\u00e1tica do trabalho escravo em diferentes ramos da economia, envolvendo pessoas do campo e da cidade, na agropecu\u00e1ria, na constru\u00e7\u00e3o civil, na ind\u00fastria t\u00eaxtil, nas carvoarias, nos servi\u00e7os hoteleiros e at\u00e9 em situa\u00e7\u00f5es familiares classificadas como servid\u00e3o dom\u00e9stica. S\u00e3o imigrantes que chegam ao Brasil em busca de trabalho e sobreviv\u00eancia, e brasileiros que migram internamente sonhando melhores condi\u00e7\u00f5es de vida.<\/p>\n<p>5. Diante desta triste realidade, urge reafirmar de forma inequ\u00edvoca o inalien\u00e1vel valor da vida e da dignidade humanas que transcendem qualquer atividade econ\u00f4mica. Criada \u00e0 imagem e semelhan\u00e7a de Deus, toda pessoa humana \u00e9 templo de Deus que n\u00e3o pode ser profanado.<\/p>\n<p>6. Cabe ao Estado brasileiro, em primeiro lugar, adotar medidas que erradiquem esta chaga social que vitima milhares de irm\u00e3os e irm\u00e3s. \u00c9 sua responsabilidade defender e proteger os que lutam pelo fim do trabalho escravo, bem como garantir \u00e0s v\u00edtimas desta pr\u00e1tica infame a reinser\u00e7\u00e3o na sociedade. \u00c9 dever do Estado, ainda, punir de maneira exemplar os respons\u00e1veis por este crime que clama aos c\u00e9us.<\/p>\n<p>7. Que Jesus Cristo, enviado do Pai para proclamar a liberta\u00e7\u00e3o aos presos e dar liberdade aos oprimidos (cf. Lc 4,18), seja a for\u00e7a e a luz de todos que lutam por um Brasil justo e solid\u00e1rio.<\/p>\n<p>Raymundo, Cardeal, Damasceno Assis<\/p>\n<p>Arcebispo de Aparecida \u2013 SP<\/p>\n<p>Presidente da CNBB<\/p>\n<p>Dom Jos\u00e9 Belis\u00e1rio da Silva<\/p>\n<p>Arcebispo de S\u00e3o Lu\u00eds<\/p>\n<p>Vice-presidente da CNBB<\/p>\n<p>Dom Leonardo Steiner<\/p>\n<p>Bispo-Auxiliar de Bras\u00edlia \u2013 DF<\/p>\n<p>Secret\u00e1rio-Geral da CNBB<\/p>\n<p style=\"text-align: justify;\">\u00a0<\/p>\n<p style=\"text-align: justify;\"><strong>Local: Bras\u00edlia (DF)<br \/>Fonte: CNBB<\/strong><\/p>\n","protected":false},"excerpt":{"rendered":"<p>A Confer\u00eancia Nacional dos Bispos do Brasil \u2013 CNBB divulgou hoje, 28 de janeiro, nota por ocasi\u00e3o do Dia Nacional de Combate ao Trabalho Escravo. A data \u00e9 uma homenagem a quatro auditores do Minist\u00e9rio do Trabalho e Emprego que foram assassinados, em janeiro de 2004, quando investigavam a suspeita de uso de m\u00e3o de [&hellip;]<\/p>\n","protected":false},"author":1,"featured_media":1524,"comment_status":"closed","ping_status":"closed","sticky":false,"template":"","format":"standard","meta":{"footnotes":""},"categories":[7],"tags":[],"class_list":["post-4087","post","type-post","status-publish","format-standard","has-post-thumbnail","hentry","category-cnbb"],"_links":{"self":[{"href":"https:\/\/catolicanet.net\/wp-cnet\/wp-json\/wp\/v2\/posts\/4087","targetHints":{"allow":["GET"]}}],"collection":[{"href":"https:\/\/catolicanet.net\/wp-cnet\/wp-json\/wp\/v2\/posts"}],"about":[{"href":"https:\/\/catolicanet.net\/wp-cnet\/wp-json\/wp\/v2\/types\/post"}],"author":[{"embeddable":true,"href":"https:\/\/catolicanet.net\/wp-cnet\/wp-json\/wp\/v2\/users\/1"}],"replies":[{"embeddable":true,"href":"https:\/\/catolicanet.net\/wp-cnet\/wp-json\/wp\/v2\/comments?post=4087"}],"version-history":[{"count":1,"href":"https:\/\/catolicanet.net\/wp-cnet\/wp-json\/wp\/v2\/posts\/4087\/revisions"}],"predecessor-version":[{"id":8948,"href":"https:\/\/catolicanet.net\/wp-cnet\/wp-json\/wp\/v2\/posts\/4087\/revisions\/8948"}],"wp:featuredmedia":[{"embeddable":true,"href":"https:\/\/catolicanet.net\/wp-cnet\/wp-json\/wp\/v2\/media\/1524"}],"wp:attachment":[{"href":"https:\/\/catolicanet.net\/wp-cnet\/wp-json\/wp\/v2\/media?parent=4087"}],"wp:term":[{"taxonomy":"category","embeddable":true,"href":"https:\/\/catolicanet.net\/wp-cnet\/wp-json\/wp\/v2\/categories?post=4087"},{"taxonomy":"post_tag","embeddable":true,"href":"https:\/\/catolicanet.net\/wp-cnet\/wp-json\/wp\/v2\/tags?post=4087"}],"curies":[{"name":"wp","href":"https:\/\/api.w.org\/{rel}","templated":true}]}}