{"id":40866,"date":"2018-05-15T14:12:38","date_gmt":"2018-05-15T17:12:38","guid":{"rendered":"http:\/\/catolicanet.net\/wp-cnet\/?p=40866"},"modified":"2018-05-15T14:16:41","modified_gmt":"2018-05-15T17:16:41","slug":"por-que-certos-monges-e-freiras-vivem-atras-das-grades","status":"publish","type":"post","link":"https:\/\/catolicanet.net\/wp-cnet\/por-que-certos-monges-e-freiras-vivem-atras-das-grades\/","title":{"rendered":"Por que certos monges e freiras vivem \u201catr\u00e1s das grades\u201d?"},"content":{"rendered":"<h2 class=\"subtitle\">Pode at\u00e9 parecer uma pris\u00e3o, mas, para eles, o claustro \u00e9 um presente de Deus<\/h2>\n<p>Quando discutimos sobre as v\u00e1rias ordens religiosas, o fato de alguns homens e mulheres escolherem viver \u201catr\u00e1s das grades\u201d pode confundir algumas pessoas. O \u201cclaustro\u201d parece um conceito estranho. Mas, na realidade, vai muito al\u00e9m do que aparenta.<\/p>\n<p>A palavra \u201cclaustro\u201d vem do latim <em>claustrum<\/em>, que quer dizer \u201cespa\u00e7o fechado\u201d. Na pr\u00e1tica, o claustro se refere \u00e0 \u00e1rea fechada atr\u00e1s do muro que cerca um mosteiro. Esta caracter\u00edstica arquitet\u00f4nica destaca o fato b\u00e1sico de muitos religiosos se comprometem com uma vida fisicamente separada do resto do mundo. Eles dificilmente pisam fora das paredes da clausura, exceto em raras ocasi\u00f5es para os compromissos necess\u00e1rios, como uma visita ao m\u00e9dico, por exemplo. Se membros da fam\u00edlia ou amigos os visitam, eles os recebem em uma sala especial, onde o monge ou a freira permanece atr\u00e1s de uma tela de arame ou grade de metal.<\/p>\n<p>Esses monges e freiras escolheram, livremente, este estilo de vida, concentrando suas aten\u00e7\u00f5es exclusivamente em Deus, sem permitir que qualquer quest\u00e3o mundana os distraia.<\/p>\n<p>Eles seguem rigorosamente as palavras de Jesus: \u201cSe queres ser perfeito, vai, vende teus bens, d\u00e1-os aos pobres e ter\u00e1s um tesouro no c\u00e9u. Depois, vem e segue-me!\u201d (Mateus 19:21). Claro que isso n\u00e3o \u00e9 uma coisa f\u00e1cil de fazer e Deus n\u00e3o chama todo mundo para este estilo de vida radical.<\/p>\n<p>No entanto, o chamado ao claustro \u00e9 um belo presente de Deus, que leva \u00e0 liberdade, n\u00e3o ao cativeiro. A irm\u00e3 dominicana Mary Catharine explica:<\/p>\n<blockquote><p>\u00a0<em>\u201cO claustro liberta-nos imensamente! Um dos maiores temores daqueles que discernem uma voca\u00e7\u00e3o contemplativa \u00e9 que o claustro \u00e9 visto como uma liberdade esmagadora, mas \u00e9 exatamente o oposto.<\/em><\/p>\n<p><em>O claustro nos amplia. Ele nos liberta de tantos cuidados e preocupa\u00e7\u00f5es, at\u00e9 mesmo de algo t\u00e3o simples como n\u00e3o se importar com uma mancha no meu escapul\u00e1rio! <\/em><\/p>\n<p><em>O claustro \u00e9 o \u201cJardim Fechado\u201d do C\u00e2ntico dos C\u00e2nticos. Nossa vida \u00e9 inteiramente centrada em Cristo, nosso esposo. A clausura papal \u00e9 um grande presente da Igreja, que nos permite viver bem a nossa vida contemplativa.<\/em><\/p>\n<p><em>Quando tenho que deixar o recinto para algo necess\u00e1rio, fico sempre feliz por estar de volta. O mundo \u00e9 t\u00e3o barulhento, tanto de maneira aud\u00edvel quanto visual. Eu realmente n\u00e3o entendo como as pessoas ficam s\u00e3s!\u201d<\/em><\/p><\/blockquote>\n<p>Outra irm\u00e3 enclausurada disse ao <a href=\"https:\/\/www.nytimes.com\/1983\/07\/10\/magazine\/the-cloistered-life.html\" target=\"_blank\" rel=\"noopener\">New York Times<\/a>: \u201cvoc\u00ea vai para o convento para encontrar solid\u00e3o, e voc\u00ea encontra Deus, e voc\u00ea encontra voc\u00ea mesma\u201d.<\/p>\n<p>Surpreendentemente, uma vida dedicada \u00e0 ora\u00e7\u00e3o, em vez de isolar uma pessoa do mundo, aproxima-a muito mais dele. Uma freira acrescentou: \u201cCom uma presen\u00e7a f\u00edsica no mundo, eu s\u00f3 poderia ser uma pessoa com duas m\u00e3os e dois p\u00e9s\u2026 Mas, atrav\u00e9s da ora\u00e7\u00e3o, sinto que posso alcan\u00e7ar mais os meus irm\u00e3os e irm\u00e3s. A dimens\u00e3o espiritual \u00e9 ilimitada\u201d.<\/p>\n<p>S\u00e3o Jo\u00e3o Paulo II destacou o valor da vida de clausura em sua carta \u00e0s pessoas consagradas: \u201cInstitui\u00e7\u00f5es totalmente dedicadas \u00e0 contempla\u00e7\u00e3o entregam-se a Deus somente na solid\u00e3o e no sil\u00eancio e atrav\u00e9s da ora\u00e7\u00e3o constante e da pronta penit\u00eancia. N\u00e3o importa qu\u00e3o urgentes sejam as necessidades do apostolado ativo, tais comunidades sempre ter\u00e3o um papel distinto a desempenhar no Corpo M\u00edstico de Cristo \u201d.<\/p>\n<p>&nbsp;<\/p>\n<p>Fonte: Aleteia<\/p>\n","protected":false},"excerpt":{"rendered":"<p>Pode at\u00e9 parecer uma pris\u00e3o, mas, para eles, o claustro \u00e9 um presente de Deus Quando discutimos sobre as v\u00e1rias ordens religiosas, o fato de alguns homens e mulheres escolherem viver \u201catr\u00e1s das grades\u201d pode confundir algumas pessoas. O \u201cclaustro\u201d parece um conceito estranho. Mas, na realidade, vai muito al\u00e9m do que aparenta. A palavra [&hellip;]<\/p>\n","protected":false},"author":1,"featured_media":40867,"comment_status":"open","ping_status":"closed","sticky":false,"template":"","format":"standard","meta":{"footnotes":""},"categories":[4],"tags":[],"class_list":["post-40866","post","type-post","status-publish","format-standard","has-post-thumbnail","hentry","category-cotidiano"],"_links":{"self":[{"href":"https:\/\/catolicanet.net\/wp-cnet\/wp-json\/wp\/v2\/posts\/40866","targetHints":{"allow":["GET"]}}],"collection":[{"href":"https:\/\/catolicanet.net\/wp-cnet\/wp-json\/wp\/v2\/posts"}],"about":[{"href":"https:\/\/catolicanet.net\/wp-cnet\/wp-json\/wp\/v2\/types\/post"}],"author":[{"embeddable":true,"href":"https:\/\/catolicanet.net\/wp-cnet\/wp-json\/wp\/v2\/users\/1"}],"replies":[{"embeddable":true,"href":"https:\/\/catolicanet.net\/wp-cnet\/wp-json\/wp\/v2\/comments?post=40866"}],"version-history":[{"count":1,"href":"https:\/\/catolicanet.net\/wp-cnet\/wp-json\/wp\/v2\/posts\/40866\/revisions"}],"predecessor-version":[{"id":40868,"href":"https:\/\/catolicanet.net\/wp-cnet\/wp-json\/wp\/v2\/posts\/40866\/revisions\/40868"}],"wp:featuredmedia":[{"embeddable":true,"href":"https:\/\/catolicanet.net\/wp-cnet\/wp-json\/wp\/v2\/media\/40867"}],"wp:attachment":[{"href":"https:\/\/catolicanet.net\/wp-cnet\/wp-json\/wp\/v2\/media?parent=40866"}],"wp:term":[{"taxonomy":"category","embeddable":true,"href":"https:\/\/catolicanet.net\/wp-cnet\/wp-json\/wp\/v2\/categories?post=40866"},{"taxonomy":"post_tag","embeddable":true,"href":"https:\/\/catolicanet.net\/wp-cnet\/wp-json\/wp\/v2\/tags?post=40866"}],"curies":[{"name":"wp","href":"https:\/\/api.w.org\/{rel}","templated":true}]}}