{"id":4084,"date":"2014-01-28T15:55:48","date_gmt":"2014-01-28T17:55:48","guid":{"rendered":"http:\/\/catolicanet.net\/wp-cnet\/papa-francisco-personagem-do-ano-na-internet\/"},"modified":"2017-04-04T10:44:45","modified_gmt":"2017-04-04T13:44:45","slug":"papa-francisco-personagem-do-ano-na-internet","status":"publish","type":"post","link":"https:\/\/catolicanet.net\/wp-cnet\/papa-francisco-personagem-do-ano-na-internet\/","title":{"rendered":"Papa Francisco: personagem do ano na internet"},"content":{"rendered":"<p style=\"text-align: justify;\"><img decoding=\"async\" src=\"http:\/\/www.catolicanet.com.br\/images\/stories\/twitterescala.jpg\" border=\"0\" align=\"left\" \/>A internet ama o Papa Francisco. Bergoglio \u00e9 o personagem do ano tamb\u00e9m online. A confirmar \u00e9 a rede cat\u00f3lica global \u2018Aleteia\u2019 em pesquisa encomendada \u00e0 institui\u00e7\u00e3o de consultoria 3rdPlace. &#8216;Internet loves Pope Francis&#8217; confirma a efici\u00eancia comunicativa do 266\u00ba Bispo de Roma.<\/p>\n<p>O estudo evidencia que, a n\u00edvel global, o Papa Francisco foi o personagem com o maior volume de pesquisas mensais no Google (1.737.300) e o mais mencionado na rede (mais de 49 milh\u00f5es).<\/p>\n<p>As men\u00e7\u00f5es associadas ao Papa Francisco apresentam uma distribui\u00e7\u00e3o geogr\u00e1fica mais global e homog\u00eanea e, sobretudo, n\u00e3o est\u00e3o concentradas em uma regi\u00e3o espec\u00edfica, diferentemente de outros l\u00edderes mundiais, que ficam restritos a seus respectivos pa\u00edses.<\/p>\n<p>No Twitter, com mais de 11 milh\u00f5es de seguidores, o Papa Bergoglio tamb\u00e9m desponta. O estudo da \u20183rdPlace\u2019 sobre as contas do Pont\u00edfice nas v\u00e1rias l\u00ednguas, revelou que mesmo tendo uma freq\u00fc\u00eancia de publica\u00e7\u00e3o m\u00e9dia de 0,70 tweets por dia, Bergoglio tem uma fidelidade m\u00e9dia de 6.637. Apenas para comparar, a n\u00edvel global, por exemplo, a conta de Barack Obama atinge uma fidelidade de 2.309, n\u00e3o obstante tenha uma freq\u00fc\u00eancia de publica\u00e7\u00e3o di\u00e1ria de 7,76 tweets.<\/p>\n<p style=\"text-align: justify;\">\u00a0<\/p>\n<p style=\"text-align: justify;\"><strong>Local: Cidade do Vaticano<br \/>Fonte: R\u00e1dio Vaticano<\/strong><\/p>\n","protected":false},"excerpt":{"rendered":"<p>A internet ama o Papa Francisco. Bergoglio \u00e9 o personagem do ano tamb\u00e9m online. A confirmar \u00e9 a rede cat\u00f3lica global \u2018Aleteia\u2019 em pesquisa encomendada \u00e0 institui\u00e7\u00e3o de consultoria 3rdPlace. &#8216;Internet loves Pope Francis&#8217; confirma a efici\u00eancia comunicativa do 266\u00ba Bispo de Roma. O estudo evidencia que, a n\u00edvel global, o Papa Francisco foi o [&hellip;]<\/p>\n","protected":false},"author":1,"featured_media":4083,"comment_status":"closed","ping_status":"closed","sticky":false,"template":"","format":"standard","meta":{"footnotes":""},"categories":[3],"tags":[],"class_list":["post-4084","post","type-post","status-publish","format-standard","has-post-thumbnail","hentry","category-vaticano"],"_links":{"self":[{"href":"https:\/\/catolicanet.net\/wp-cnet\/wp-json\/wp\/v2\/posts\/4084","targetHints":{"allow":["GET"]}}],"collection":[{"href":"https:\/\/catolicanet.net\/wp-cnet\/wp-json\/wp\/v2\/posts"}],"about":[{"href":"https:\/\/catolicanet.net\/wp-cnet\/wp-json\/wp\/v2\/types\/post"}],"author":[{"embeddable":true,"href":"https:\/\/catolicanet.net\/wp-cnet\/wp-json\/wp\/v2\/users\/1"}],"replies":[{"embeddable":true,"href":"https:\/\/catolicanet.net\/wp-cnet\/wp-json\/wp\/v2\/comments?post=4084"}],"version-history":[{"count":1,"href":"https:\/\/catolicanet.net\/wp-cnet\/wp-json\/wp\/v2\/posts\/4084\/revisions"}],"predecessor-version":[{"id":8950,"href":"https:\/\/catolicanet.net\/wp-cnet\/wp-json\/wp\/v2\/posts\/4084\/revisions\/8950"}],"wp:featuredmedia":[{"embeddable":true,"href":"https:\/\/catolicanet.net\/wp-cnet\/wp-json\/wp\/v2\/media\/4083"}],"wp:attachment":[{"href":"https:\/\/catolicanet.net\/wp-cnet\/wp-json\/wp\/v2\/media?parent=4084"}],"wp:term":[{"taxonomy":"category","embeddable":true,"href":"https:\/\/catolicanet.net\/wp-cnet\/wp-json\/wp\/v2\/categories?post=4084"},{"taxonomy":"post_tag","embeddable":true,"href":"https:\/\/catolicanet.net\/wp-cnet\/wp-json\/wp\/v2\/tags?post=4084"}],"curies":[{"name":"wp","href":"https:\/\/api.w.org\/{rel}","templated":true}]}}