{"id":40826,"date":"2018-05-14T16:24:11","date_gmt":"2018-05-14T19:24:11","guid":{"rendered":"http:\/\/catolicanet.net\/wp-cnet\/?p=40826"},"modified":"2018-05-14T16:24:11","modified_gmt":"2018-05-14T19:24:11","slug":"3-coisas-que-precisamos-dizer-em-nossas-amizades-para-faze-las-durar","status":"publish","type":"post","link":"https:\/\/catolicanet.net\/wp-cnet\/3-coisas-que-precisamos-dizer-em-nossas-amizades-para-faze-las-durar\/","title":{"rendered":"3 coisas que precisamos dizer em nossas amizades para faz\u00ea-las durar"},"content":{"rendered":"<div data-io-article-url=\"https:\/\/pt.aleteia.org\/2018\/05\/14\/3-coisas-que-precisamos-dizer-em-nossas-amizades-para-faze-las-durar\/\">\n<h2 class=\"subtitle\">Os amigos s\u00e3o um dos grandes presentes da vida, por isso vale a pena saber como ajud\u00e1-los a florescer<\/h2>\n<p>&nbsp;<\/p>\n<p>Nos \u00faltimos meses, algumas das minhas amizades terminaram. Embora possa ser f\u00e1cil atribuir isso a mudan\u00e7as em nossas esta\u00e7\u00f5es da vida ou simplesmente seguir em dire\u00e7\u00f5es diferentes, ainda h\u00e1 um sentimento persistente de que a amizade desmoronou ou precisava de reconcilia\u00e7\u00e3o. Eu sei que havia coisas n\u00e3o ditas pelas duas partes e talvez se essas coisas fossem ditas antes, n\u00f3s ainda ser\u00edamos amigos hoje.<\/p>\n<p>Alguns de n\u00f3s naturalmente fazemos amigos e alguns de n\u00f3s lutamos para fazer amigos, mas quando encontramos \u201cnossas\u201d pessoas, queremos mant\u00ea-las por toda a vida. E n\u00f3s podemos, quando cada parte coloca um esfor\u00e7o. Aqui est\u00e3o algumas coisas que eu acredito que a maioria de n\u00f3s tem dificuldade em dizer aos nossos amigos e se pud\u00e9ssemos dizer, nossas amizades prosperariam e durariam mais tempo.<\/p>\n<p><b>Falar nossos verdadeiros sentimentos<\/b><\/p>\n<p>Se um amigo disser algo que nos ofende, n\u00f3s o ignoramos como se nada tivesse acontecido, ou esperamos que eles saibam que disseram algo ofensivo e pe\u00e7am perd\u00e3o. Quando eles n\u00e3o t\u00eam essa epifania, podemos nos ressentir, deixar que esses sentimentos cres\u00e7am, e ent\u00e3o, um dia, soltamos isso ou ficamos em sil\u00eancio.<\/p>\n<p>N\u00e3o dizer certas coisas \u00e9 s\u00e1bio, mas \u00e9 apenas s\u00e1bio quando voc\u00ea pode realmente deixar os problemas irem embora. Construir internamente uma guerra contra o seu amigo nunca resultar\u00e1 em bons resultados, e por isso \u00e9 importante dizer como voc\u00ea se sente.<\/p>\n<p>Quando voc\u00ea fala sobre as dificuldades, o que poderia parecer ofensivo \u00e9 frequentemente revelado como um mal-entendido. \u00c0s vezes a outra pessoa tinha inten\u00e7\u00f5es diferentes do que voc\u00ea entendeu. N\u00e3o h\u00e1 raz\u00e3o para pisar em ovos com amigos, porque a amizade deve ser baseada em confian\u00e7a e boa vontade.<\/p>\n<p><b>Admitir quando estamos machucados<\/b><\/p>\n<p>Em muitas ocasi\u00f5es, as amizades terminam porque uma parte \u2013 ou todas as partes \u2013 sentem-se magoadas, mas ningu\u00e9m quer se identificar ou falar sobre isso at\u00e9 semanas ou meses depois.<\/p>\n<p>Em um recente dilema com uma amiga, que foi reconciliado, minha amiga ficou ferida por algo que eu publiquei nas redes sociais. No entanto, ao inv\u00e9s de comunicar isso para mim, ela escolheu comunicar isso ao nosso grupo de amigos. Depois de intermin\u00e1veis \u200b\u200btelefonemas e mensagens de texto, desisti de tentar descobrir o que estava errado. Meses depois, um dos nossos amigos me contou o problema e depois de ouvir isso, me magoei. Imediatamente pedi desculpas \u00e0 minha amiga e ela me perdoou, mas a m\u00e1goa permaneceu porque demorou tanto para discutir o mal-entendido e n\u00e3o houve nenhuma tentativa de sua parte antes de discutir o problema.<\/p>\n<p>Ningu\u00e9m gosta de ser ferido, seja por amigos, c\u00f4njuge ou um membro da fam\u00edlia. Podemos aceitar muitas coisas, mas a m\u00e1goa n\u00e3o \u00e9 uma delas. Al\u00e9m disso, a sua capacidade de nos magoar significa que, em algum momento, ficamos vulner\u00e1veis, n\u00f3s confiamos neles e quando eles nos ferem, naturalmente continuamos na defesa.<\/p>\n<p>Al\u00e9m disso, como n\u00e3o gostamos de nos sentir magoados ou vulner\u00e1veis, nem sempre comunicamos esses sentimentos espec\u00edficos. Consequentemente, meses se passam antes de falarmos com algu\u00e9m, porque nos alimentamos dessa dor.<\/p>\n<p>A melhor coisa que podemos fazer um pelo outro em nossas amizades \u00e9 manter as linhas de comunica\u00e7\u00e3o abertas. Embora seja mais f\u00e1cil falar do que fazer, sempre deixe que seus amigos saibam que \u00e9 exatamente porque voc\u00ea \u00e9 amigo que voc\u00ea pode se sentir livre para ser franco, honesto e vulner\u00e1vel.<\/p>\n<p><b>Comunicar nossas necessidades<\/b><\/p>\n<p>Muita falta de comunica\u00e7\u00e3o ou extin\u00e7\u00e3o de amizades acontece quando as coisas mudam em nossas vidas ou mudamos de opini\u00e3o. Se voc\u00ea e sua amiga costumam fazer piadas sobre John, mas agora sua melhor amiga \u00e9 casada com John, obviamente voc\u00ea n\u00e3o vai continuar essa linha de bate papo.<\/p>\n<p>Mas, e as coisas menos \u00f3bvias? Por exemplo, digamos que voc\u00ea perdeu o pai ou a m\u00e3e e agora sua nova expectativa \u00e9 que seus amigos a visitem com mais frequ\u00eancia para ver como voc\u00ea est\u00e1?<\/p>\n<p>Sabemos que nossas necessidades s\u00e3o importantes, e tamb\u00e9m devemos conhecer as necessidades de nossos amigos, mas, para isso, precisamos nos comunicar uns com os outros. Compartilhar nossas necessidades n\u00e3o nos torna fracos, simplesmente nos torna vulner\u00e1veis, e a vulnerabilidade \u00e9 necess\u00e1ria em qualquer relacionamento que desejamos que dure.<\/p>\n<p>Temos que chegar ao cora\u00e7\u00e3o dos nossos problemas de amizade. Se dois amigos n\u00e3o podem falar um com o outro, eles s\u00e3o realmente amigos? Se pudermos compartilhar sobre as pessoas que estamos namorando, o livro que acabamos de ler, mas n\u00e3o podemos compartilhar que estamos sofrendo ou que precisamos de um pouco mais de aten\u00e7\u00e3o nesta temporada de nossas vidas, dever\u00edamos realmente estar chamando essas pessoas de nossos amigos? Vamos nos esfor\u00e7ar para colocar um pouco mais de verdade e comunica\u00e7\u00e3o honesta em todas as nossas amizades.<\/p>\n<\/div>\n<div class=\"row\">\n<div class=\"col-xs-12 text-center pagination-cont-article\"><\/div>\n<div>Fonte: Aleteia<\/div>\n<\/div>\n","protected":false},"excerpt":{"rendered":"<p>Os amigos s\u00e3o um dos grandes presentes da vida, por isso vale a pena saber como ajud\u00e1-los a florescer &nbsp; Nos \u00faltimos meses, algumas das minhas amizades terminaram. Embora possa ser f\u00e1cil atribuir isso a mudan\u00e7as em nossas esta\u00e7\u00f5es da vida ou simplesmente seguir em dire\u00e7\u00f5es diferentes, ainda h\u00e1 um sentimento persistente de que a [&hellip;]<\/p>\n","protected":false},"author":1,"featured_media":40827,"comment_status":"open","ping_status":"closed","sticky":false,"template":"","format":"standard","meta":{"footnotes":""},"categories":[4],"tags":[],"class_list":["post-40826","post","type-post","status-publish","format-standard","has-post-thumbnail","hentry","category-cotidiano"],"_links":{"self":[{"href":"https:\/\/catolicanet.net\/wp-cnet\/wp-json\/wp\/v2\/posts\/40826","targetHints":{"allow":["GET"]}}],"collection":[{"href":"https:\/\/catolicanet.net\/wp-cnet\/wp-json\/wp\/v2\/posts"}],"about":[{"href":"https:\/\/catolicanet.net\/wp-cnet\/wp-json\/wp\/v2\/types\/post"}],"author":[{"embeddable":true,"href":"https:\/\/catolicanet.net\/wp-cnet\/wp-json\/wp\/v2\/users\/1"}],"replies":[{"embeddable":true,"href":"https:\/\/catolicanet.net\/wp-cnet\/wp-json\/wp\/v2\/comments?post=40826"}],"version-history":[{"count":1,"href":"https:\/\/catolicanet.net\/wp-cnet\/wp-json\/wp\/v2\/posts\/40826\/revisions"}],"predecessor-version":[{"id":40828,"href":"https:\/\/catolicanet.net\/wp-cnet\/wp-json\/wp\/v2\/posts\/40826\/revisions\/40828"}],"wp:featuredmedia":[{"embeddable":true,"href":"https:\/\/catolicanet.net\/wp-cnet\/wp-json\/wp\/v2\/media\/40827"}],"wp:attachment":[{"href":"https:\/\/catolicanet.net\/wp-cnet\/wp-json\/wp\/v2\/media?parent=40826"}],"wp:term":[{"taxonomy":"category","embeddable":true,"href":"https:\/\/catolicanet.net\/wp-cnet\/wp-json\/wp\/v2\/categories?post=40826"},{"taxonomy":"post_tag","embeddable":true,"href":"https:\/\/catolicanet.net\/wp-cnet\/wp-json\/wp\/v2\/tags?post=40826"}],"curies":[{"name":"wp","href":"https:\/\/api.w.org\/{rel}","templated":true}]}}