{"id":40801,"date":"2018-05-14T10:09:56","date_gmt":"2018-05-14T13:09:56","guid":{"rendered":"http:\/\/catolicanet.net\/wp-cnet\/?p=40801"},"modified":"2018-05-14T10:09:56","modified_gmt":"2018-05-14T13:09:56","slug":"assembleia-geral-e-ordinaria-do-cnlb-e-realizada-em-fortaleza","status":"publish","type":"post","link":"https:\/\/catolicanet.net\/wp-cnet\/assembleia-geral-e-ordinaria-do-cnlb-e-realizada-em-fortaleza\/","title":{"rendered":"Assembleia Geral e ordin\u00e1ria do CNLB \u00e9 realizada em Fortaleza"},"content":{"rendered":"<p>Foi realizada entre os dias 05 e 06 de maio na Casa do Leigo, conhecida como Cursilho, em Fortaleza, a XXVII Assembleia Geral e ordin\u00e1ria do CNLB do regional Nordeste 1, tendo com o tema \u201c<strong><em>Crist\u00e3os Leigos e Leigas comprometidos (as) com a transforma\u00e7\u00e3o<\/em><\/strong>\u201d, e o lema \u201c<strong><em>At\u00e9 que tudo fique fermentado<\/em><\/strong>\u201d. A assessoria do encontro ficou a cargo da te\u00f3loga Tania Couto Maia, que abordou a <em>Exorta\u00e7\u00e3o Apost\u00f3lica Christ\u00edfideles Laic\u00ed<\/em> e de Elenir Pereira que refletiu sobre a din\u00e2mica metodol\u00f3gica do agir do laicato nas dioceses.<\/p>\n<p>Confira a <a href=\"http:\/\/www.cnbbne1.org.br\/noticias_detalhes.php?cod_noticia=18651&amp;cod_secao=1\">not\u00edcia na \u00edntegra<\/a>.<\/p>\n<p>&nbsp;<\/p>\n<p>Fonte: CNBB<\/p>\n","protected":false},"excerpt":{"rendered":"<p>Foi realizada entre os dias 05 e 06 de maio na Casa do Leigo, conhecida como Cursilho, em Fortaleza, a XXVII Assembleia Geral e ordin\u00e1ria do CNLB do regional Nordeste 1, tendo com o tema \u201cCrist\u00e3os Leigos e Leigas comprometidos (as) com a transforma\u00e7\u00e3o\u201d, e o lema \u201cAt\u00e9 que tudo fique fermentado\u201d. A assessoria do [&hellip;]<\/p>\n","protected":false},"author":1,"featured_media":40802,"comment_status":"open","ping_status":"closed","sticky":false,"template":"","format":"standard","meta":{"footnotes":""},"categories":[13],"tags":[],"class_list":["post-40801","post","type-post","status-publish","format-standard","has-post-thumbnail","hentry","category-featured"],"_links":{"self":[{"href":"https:\/\/catolicanet.net\/wp-cnet\/wp-json\/wp\/v2\/posts\/40801","targetHints":{"allow":["GET"]}}],"collection":[{"href":"https:\/\/catolicanet.net\/wp-cnet\/wp-json\/wp\/v2\/posts"}],"about":[{"href":"https:\/\/catolicanet.net\/wp-cnet\/wp-json\/wp\/v2\/types\/post"}],"author":[{"embeddable":true,"href":"https:\/\/catolicanet.net\/wp-cnet\/wp-json\/wp\/v2\/users\/1"}],"replies":[{"embeddable":true,"href":"https:\/\/catolicanet.net\/wp-cnet\/wp-json\/wp\/v2\/comments?post=40801"}],"version-history":[{"count":1,"href":"https:\/\/catolicanet.net\/wp-cnet\/wp-json\/wp\/v2\/posts\/40801\/revisions"}],"predecessor-version":[{"id":40803,"href":"https:\/\/catolicanet.net\/wp-cnet\/wp-json\/wp\/v2\/posts\/40801\/revisions\/40803"}],"wp:featuredmedia":[{"embeddable":true,"href":"https:\/\/catolicanet.net\/wp-cnet\/wp-json\/wp\/v2\/media\/40802"}],"wp:attachment":[{"href":"https:\/\/catolicanet.net\/wp-cnet\/wp-json\/wp\/v2\/media?parent=40801"}],"wp:term":[{"taxonomy":"category","embeddable":true,"href":"https:\/\/catolicanet.net\/wp-cnet\/wp-json\/wp\/v2\/categories?post=40801"},{"taxonomy":"post_tag","embeddable":true,"href":"https:\/\/catolicanet.net\/wp-cnet\/wp-json\/wp\/v2\/tags?post=40801"}],"curies":[{"name":"wp","href":"https:\/\/api.w.org\/{rel}","templated":true}]}}