{"id":4075,"date":"2014-01-28T11:56:58","date_gmt":"2014-01-28T13:56:58","guid":{"rendered":"http:\/\/catolicanet.net\/wp-cnet\/o-bem-contagia\/"},"modified":"2017-04-04T10:57:40","modified_gmt":"2017-04-04T13:57:40","slug":"o-bem-contagia","status":"publish","type":"post","link":"https:\/\/catolicanet.net\/wp-cnet\/o-bem-contagia\/","title":{"rendered":"O bem contagia"},"content":{"rendered":"<p style=\"text-align: justify;\">Vivemos a trezena de S\u00e3o Sebasti\u00e3o entre o final do Tempo do Natal e o in\u00edcio do Tempo Comum. Com o in\u00edcio da vida p\u00fablica de Jesus, come\u00e7a o an\u00fancio do Reino e a escolha dos disc\u00edpulos. Na festa do Batismo do Senhor se estabelece esse momento. Com a manifesta\u00e7\u00e3o da Trindade inicia-se o grande an\u00fancio que o Filho de Deus, que se fez homem, est\u00e1 no meio de n\u00f3s e \u00e9 a vida do mundo. Celebrar este tempo quer demonstrar que a miss\u00e3o de Jesus na vida p\u00fablica \u00e9 uma miss\u00e3o da Igreja e de todos os que s\u00e3o batizados. Morrer para o homem velho e renascer para o homem novo! Isso tem tudo a ver com a miss\u00e3o de Jesus, que renova a nossa vida para viver a vida crist\u00e3.<br \/>O Ano da Caridade, que iniciamos no dia 20 de janeiro, quer lembrar que os crist\u00e3os, vivendo o batismo, transformam o mundo, a sociedade, a cultura, renascendo para a vida nova. Por isso, a nossa pr\u00e1xis crist\u00e3 tem que renovar a vida, tem que ser vida nova. Assim sendo, a presen\u00e7a da Igreja no meio da sociedade, preocupando-se com o ser humano, torna a caridade como uma consequ\u00eancia de nosso batismo.<br \/>N\u00f3s nascemos e fomos batizados, mas nem sempre vivemos a vida como crist\u00e3os. Quem \u00e9 batizado tem a sua vida transformada e passa a ter atitudes de caridade para com o outro, seja ele quem for. Por isso, preocupar-se com o outro, com o fazer o bem ao outro vem como uma consequ\u00eancia batismal.<br \/>A vida deve ser contagiada pelo bem! Na JMJ Rio 2013 experimentamos dificuldades, viol\u00eancias contra imagens, grupos intolerantes e violentos contr\u00e1rios \u00e0 f\u00e9, atrasos de \u00f4nibus, paraliza\u00e7\u00e3o de metr\u00f4, filas para as refei\u00e7\u00f5es, mas o que somente apareceu foi a beleza dos crist\u00e3os que, cantando e rezando, deram uma demonstra\u00e7\u00e3o de aut\u00eantica vida crist\u00e3, de paci\u00eancia, de esp\u00edrito de sacrif\u00edcio e transpareceu na civilidade. Foi a semana com o menor \u00edndice de criminalidade no Rio, por que todos contagiaram os demais, procurando viver como irm\u00e3os, a exemplo do que Cristo nos ensinou.<br \/>Mesmo com os problemas cotidianos, os crist\u00e3os podem ser contagiados pelo bem. Nossa proposta \u00e9 viver o batismo, que nos conduz a viver o amor m\u00fatuo, a acolher a virtude da caridade que vai al\u00e9m do trabalho caritativo, da defesa da vida por que o amor ao outro, at\u00e9 ao inimigo, estar\u00e1 presente entre n\u00f3s, em todas as nossas atitudes.<br \/>Por\u00e9m, temos a liberdade humana e h\u00e1 gente que quer fazer o mal. Mesmo com todas as dificuldades de hoje, somos chamados a contagiar o mundo com o bem e a paz que vem do Cristo Senhor.<br \/>A cidade do Rio de Janeiro vai fazer 450 anos! O presente que queremos dar para a nossa cidade \u00e9 o bem; n\u00e3o tem decreto que instaure, mas a convic\u00e7\u00e3o e a convers\u00e3o de cada um de n\u00f3s. O Papa Francisco nos ensina algumas coisas importantes para fazer o bem e para ser feliz. \u00c9 simples e bonito dizer: &#8220;com licen\u00e7a&#8221;, &#8220;por favor&#8221;, &#8220;muito obrigado&#8221;, &#8220;me desculpe&#8221;. O perd\u00e3o pode mudar a realidade entre n\u00f3s.<br \/>Deve ser poss\u00edvel entre n\u00f3s viver o nosso batismo a partir do perd\u00e3o. Viver no caminho do Cristo. Sejamos arautos da caridade! Sejamos promotores do amor e pratiquemos o perd\u00e3o e a acolhida do irm\u00e3o, sempre, sem nada esperar a n\u00e3o ser acolhendo a gra\u00e7a Deus, que nos ajudar\u00e1 neste bom prop\u00f3sito!<\/p>\n","protected":false},"excerpt":{"rendered":"<p>Vivemos a trezena de S\u00e3o Sebasti\u00e3o entre o final do Tempo do Natal e o in\u00edcio do Tempo Comum. Com o in\u00edcio da vida p\u00fablica de Jesus, come\u00e7a o an\u00fancio do Reino e a escolha dos disc\u00edpulos. Na festa do Batismo do Senhor se estabelece esse momento. Com a manifesta\u00e7\u00e3o da Trindade inicia-se o grande [&hellip;]<\/p>\n","protected":false},"author":5,"featured_media":0,"comment_status":"closed","ping_status":"closed","sticky":false,"template":"","format":"standard","meta":{"footnotes":""},"categories":[9],"tags":[],"class_list":["post-4075","post","type-post","status-publish","format-standard","hentry","category-artigos"],"_links":{"self":[{"href":"https:\/\/catolicanet.net\/wp-cnet\/wp-json\/wp\/v2\/posts\/4075","targetHints":{"allow":["GET"]}}],"collection":[{"href":"https:\/\/catolicanet.net\/wp-cnet\/wp-json\/wp\/v2\/posts"}],"about":[{"href":"https:\/\/catolicanet.net\/wp-cnet\/wp-json\/wp\/v2\/types\/post"}],"author":[{"embeddable":true,"href":"https:\/\/catolicanet.net\/wp-cnet\/wp-json\/wp\/v2\/users\/5"}],"replies":[{"embeddable":true,"href":"https:\/\/catolicanet.net\/wp-cnet\/wp-json\/wp\/v2\/comments?post=4075"}],"version-history":[{"count":1,"href":"https:\/\/catolicanet.net\/wp-cnet\/wp-json\/wp\/v2\/posts\/4075\/revisions"}],"predecessor-version":[{"id":8955,"href":"https:\/\/catolicanet.net\/wp-cnet\/wp-json\/wp\/v2\/posts\/4075\/revisions\/8955"}],"wp:attachment":[{"href":"https:\/\/catolicanet.net\/wp-cnet\/wp-json\/wp\/v2\/media?parent=4075"}],"wp:term":[{"taxonomy":"category","embeddable":true,"href":"https:\/\/catolicanet.net\/wp-cnet\/wp-json\/wp\/v2\/categories?post=4075"},{"taxonomy":"post_tag","embeddable":true,"href":"https:\/\/catolicanet.net\/wp-cnet\/wp-json\/wp\/v2\/tags?post=4075"}],"curies":[{"name":"wp","href":"https:\/\/api.w.org\/{rel}","templated":true}]}}