{"id":40728,"date":"2018-05-10T14:19:37","date_gmt":"2018-05-10T17:19:37","guid":{"rendered":"http:\/\/catolicanet.net\/wp-cnet\/?p=40728"},"modified":"2018-05-10T14:19:37","modified_gmt":"2018-05-10T17:19:37","slug":"presidente-de-portugal-veta-mudanca-de-sexo-aos-16-anos","status":"publish","type":"post","link":"https:\/\/catolicanet.net\/wp-cnet\/presidente-de-portugal-veta-mudanca-de-sexo-aos-16-anos\/","title":{"rendered":"Presidente de Portugal veta mudan\u00e7a de sexo aos 16 anos"},"content":{"rendered":"<p>Lisboa, 10 Mai. 18 \/ 11:40 am (ACI).- Na quarta-feira, 9 de maio, o presidente de Portugal, Marcelo Rebelo de Sousa, vetou o diploma da Assembleia da Rep\u00fablica que permitia a mudan\u00e7a de sexo a partir dos 16 anos, solicitando que a lei preveja a opini\u00e3o de um m\u00e9dico, o que foi saudado pela Associa\u00e7\u00e3o de M\u00e9dicos Cat\u00f3licos.<\/p>\n<p>Em mensagem publicada no site oficial da Presid\u00eancia de Portugal, Marcelo Rebelo solicita \u201c\u00e0 Assembleia da Rep\u00fablica que se debruce, de novo, sobre a presente mat\u00e9ria, num ponto espec\u00edfico \u2013 o da previs\u00e3o de avalia\u00e7\u00e3o m\u00e9dica pr\u00e9via para cidad\u00e3os menores de 18 anos\u201d.<\/p>\n<p>O mandat\u00e1rio apresenta duas raz\u00f5es. \u201cA primeira \u2013 assinala \u2013 \u00e9 a de que importa deixar a quem escolhe o m\u00e1ximo de liberdade ou autonomia para eventual repondera\u00e7\u00e3o da sua op\u00e7\u00e3o, em momento subsequente, se for caso disso\u201d.<\/p>\n<p>A segunda considera\u00e7\u00e3o \u00e9 a de que, \u201chavendo a possibilidade de interven\u00e7\u00e3o cir\u00fargica para mudan\u00e7a de sexo, e tratando-se de interven\u00e7\u00e3o que, como ato m\u00e9dico, sup\u00f5e sempre ju\u00edzo cl\u00ednico, parece sensato que um parecer cl\u00ednico possa tamb\u00e9m existir mais cedo, logo no momento inicial da decis\u00e3o de escolha\u201d.<\/p>\n<p>Esta decis\u00e3o de Marcelo Rebelo foi saudada pela Associa\u00e7\u00e3o de M\u00e9dicos Cat\u00f3licos Portuguesas, em nota enviada \u00e0 Ag\u00eancia Ecclesia, do episcopado de Portugal.<\/p>\n<p>\u201cAcreditamos que o envolvimento e o apoio dos m\u00e9dicos nas situa\u00e7\u00f5es de disforia de g\u00eanero s\u00e3o de enorme import\u00e2ncia para o acompanhamento e tratamento destes casos\u201d, assinala a organiza\u00e7\u00e3o.<\/p>\n<p>Na Assembleia da Rep\u00fablica, a lei sobrea mudan\u00e7a de sexo para menores de 16 anos foi aprovada com 109 votos a favor e 106 contra. Entre os partidos que votaram contra esteve o CDS, o qual considera que esta decis\u00e3o do presidente \u00e9 um aviso em rela\u00e7\u00e3o \u00e0s propostas sobre eutan\u00e1sia, que est\u00e3o prestes a serem apreciadas pelos parlamentares.<\/p>\n<p>Em entrevista ao site \u2018Expresso\u2019, Nuno Magalh\u00e3es, l\u00edder da bancada do CDS recordou que recentemente o Tribunal Constitucional tamb\u00e9m barrou a lei da procria\u00e7\u00e3o medicamente assistida.<\/p>\n<p>Diante dessa sequ\u00eancia de decis\u00f5es, o pol\u00edtico assinalou que \u201ceste veto ser\u00e1 uma boa li\u00e7\u00e3o para o futuro pr\u00f3ximo para a maioria de esquerda, que contra os pareceres e opini\u00f5es m\u00e9dicas se prepara para legislar sobre a eutan\u00e1sia\u201d.<\/p>\n<p>Segundo o \u2018Expresso\u2019, a legaliza\u00e7\u00e3o da eutan\u00e1sia, proposta por PS, BE, PAN e Verdes, ser\u00e1 discutida no Parlamento no dia 29 de maio. O CDS \u00e9 o \u00fanico partido a assumir-se, at\u00e9 agora, contra os projetos.<\/p>\n<p>&nbsp;<\/p>\n<p>Fonte: Acidigital<\/p>\n","protected":false},"excerpt":{"rendered":"<p>Lisboa, 10 Mai. 18 \/ 11:40 am (ACI).- Na quarta-feira, 9 de maio, o presidente de Portugal, Marcelo Rebelo de Sousa, vetou o diploma da Assembleia da Rep\u00fablica que permitia a mudan\u00e7a de sexo a partir dos 16 anos, solicitando que a lei preveja a opini\u00e3o de um m\u00e9dico, o que foi saudado pela Associa\u00e7\u00e3o [&hellip;]<\/p>\n","protected":false},"author":1,"featured_media":40729,"comment_status":"open","ping_status":"closed","sticky":false,"template":"","format":"standard","meta":{"footnotes":""},"categories":[13],"tags":[],"class_list":["post-40728","post","type-post","status-publish","format-standard","has-post-thumbnail","hentry","category-featured"],"_links":{"self":[{"href":"https:\/\/catolicanet.net\/wp-cnet\/wp-json\/wp\/v2\/posts\/40728","targetHints":{"allow":["GET"]}}],"collection":[{"href":"https:\/\/catolicanet.net\/wp-cnet\/wp-json\/wp\/v2\/posts"}],"about":[{"href":"https:\/\/catolicanet.net\/wp-cnet\/wp-json\/wp\/v2\/types\/post"}],"author":[{"embeddable":true,"href":"https:\/\/catolicanet.net\/wp-cnet\/wp-json\/wp\/v2\/users\/1"}],"replies":[{"embeddable":true,"href":"https:\/\/catolicanet.net\/wp-cnet\/wp-json\/wp\/v2\/comments?post=40728"}],"version-history":[{"count":1,"href":"https:\/\/catolicanet.net\/wp-cnet\/wp-json\/wp\/v2\/posts\/40728\/revisions"}],"predecessor-version":[{"id":40730,"href":"https:\/\/catolicanet.net\/wp-cnet\/wp-json\/wp\/v2\/posts\/40728\/revisions\/40730"}],"wp:featuredmedia":[{"embeddable":true,"href":"https:\/\/catolicanet.net\/wp-cnet\/wp-json\/wp\/v2\/media\/40729"}],"wp:attachment":[{"href":"https:\/\/catolicanet.net\/wp-cnet\/wp-json\/wp\/v2\/media?parent=40728"}],"wp:term":[{"taxonomy":"category","embeddable":true,"href":"https:\/\/catolicanet.net\/wp-cnet\/wp-json\/wp\/v2\/categories?post=40728"},{"taxonomy":"post_tag","embeddable":true,"href":"https:\/\/catolicanet.net\/wp-cnet\/wp-json\/wp\/v2\/tags?post=40728"}],"curies":[{"name":"wp","href":"https:\/\/api.w.org\/{rel}","templated":true}]}}